{"id":1106,"date":"2023-04-20T12:46:11","date_gmt":"2023-04-20T12:46:11","guid":{"rendered":"https:\/\/rotarysete-doyen.org\/?p=1106"},"modified":"2023-04-20T12:59:55","modified_gmt":"2023-04-20T12:59:55","slug":"don-rotary-doyen-sete-france-colombia","status":"publish","type":"post","link":"https:\/\/rotarysete-doyen.org\/?p=1106","title":{"rendered":"Le Rotary S\u00e8te Doyen fait un don \u00e0 l&rsquo;association France-Colombia"},"content":{"rendered":"\t\t<div data-elementor-type=\"wp-post\" data-elementor-id=\"1106\" class=\"elementor elementor-1106\">\n\t\t\t\t\t\t<section class=\"elementor-section elementor-top-section elementor-element elementor-element-263a890 elementor-section-boxed elementor-section-height-default elementor-section-height-default\" data-id=\"263a890\" data-element_type=\"section\" data-e-type=\"section\">\n\t\t\t\t\t\t<div class=\"elementor-container elementor-column-gap-default\">\n\t\t\t\t\t<div class=\"elementor-column elementor-col-100 elementor-top-column elementor-element elementor-element-bc1f83e\" data-id=\"bc1f83e\" data-element_type=\"column\" data-e-type=\"column\">\n\t\t\t<div class=\"elementor-widget-wrap elementor-element-populated\">\n\t\t\t\t\t\t<div class=\"elementor-element elementor-element-9120b78 elementor-widget elementor-widget-text-editor\" data-id=\"9120b78\" data-element_type=\"widget\" data-e-type=\"widget\" data-widget_type=\"text-editor.default\">\n\t\t\t\t<div class=\"elementor-widget-container\">\n\t\t\t\t\t\t\t\t\t<p class=\"p1\">Les employ\u00e9s de la mairie de S\u00e8te ont du c\u0153ur\u00a0!<br \/>Parmi eux, Sylvie Macailloux, qui consacre toutes ses vacances depuis une vingtaine d\u2019ann\u00e9es \u00e0 venir en aide \u00e0 des familles colombiennes n\u00e9cessiteuses. Elle se rend chaque ann\u00e9e sur place avec ses valises pleines de jouets et de v\u00eatements et compl\u00e8te ses achats sur place en offrant de la nourriture, telle une petite banque alimentaire \u00e0 elle toute seule ! Enfin pas compl\u00e8tement toute seule puisqu\u2019elle s\u2019y rend avec son mari et leur fille Tamara, une jeune Colombienne adopt\u00e9e sur place. Une fa\u00e7on donc de remercier ce pays qui a permis cette adoption au couple.<\/p><p class=\"p1\">Sensible \u00e0 l\u2019action de Sylvie Marcailloux et de l\u2019association qu\u2019elle a fond\u00e9, France-Colombia, Le Rotary S\u00e8te Doyen a d\u00e9cid\u00e9 de lui remettre un ch\u00e8que de 500 euros jeudi 4 mai \u00e0 19h pour augmenter l\u2019achat de denr\u00e9es alimentaires sur place . Et m\u00eame si les valises vont s\u2019alourdir, chacun peut aussi d\u00e9poser des v\u00eatements pour femme ou b\u00e9b\u00e9 \u00e0 l\u2019association France Colombia (T\u00e9l 06 11 86 20 19 \u2013 francecolombia@hotmail.com)<\/p>\t\t\t\t\t\t\t\t<\/div>\n\t\t\t\t<\/div>\n\t\t\t\t<div class=\"elementor-element elementor-element-2a9bdb5 elementor-widget elementor-widget-image\" data-id=\"2a9bdb5\" data-element_type=\"widget\" data-e-type=\"widget\" data-widget_type=\"image.default\">\n\t\t\t\t<div class=\"elementor-widget-container\">\n\t\t\t\t\t\t\t\t\t\t\t\t\t\t\t<img fetchpriority=\"high\" decoding=\"async\" width=\"1024\" height=\"640\" src=\"https:\/\/rotarysete-doyen.org\/wp-content\/uploads\/2023\/04\/vignette-NOS-ACTIONS-2-1024x640.jpg\" class=\"attachment-large size-large wp-image-1113\" alt=\"\" srcset=\"https:\/\/rotarysete-doyen.org\/wp-content\/uploads\/2023\/04\/vignette-NOS-ACTIONS-2-1024x640.jpg 1024w, https:\/\/rotarysete-doyen.org\/wp-content\/uploads\/2023\/04\/vignette-NOS-ACTIONS-2-300x188.jpg 300w, https:\/\/rotarysete-doyen.org\/wp-content\/uploads\/2023\/04\/vignette-NOS-ACTIONS-2-768x480.jpg 768w, https:\/\/rotarysete-doyen.org\/wp-content\/uploads\/2023\/04\/vignette-NOS-ACTIONS-2-1536x960.jpg 1536w, https:\/\/rotarysete-doyen.org\/wp-content\/uploads\/2023\/04\/vignette-NOS-ACTIONS-2.jpg 2000w\" sizes=\"(max-width: 1024px) 100vw, 1024px\" \/>\t\t\t\t\t\t\t\t\t\t\t\t\t\t\t<\/div>\n\t\t\t\t<\/div>\n\t\t\t\t\t<\/div>\n\t\t<\/div>\n\t\t\t\t\t<\/div>\n\t\t<\/section>\n\t\t\t\t<section class=\"elementor-section elementor-top-section elementor-element elementor-element-1f040f5 elementor-section-boxed elementor-section-height-default elementor-section-height-default\" data-id=\"1f040f5\" data-element_type=\"section\" data-e-type=\"section\">\n\t\t\t\t\t\t<div class=\"elementor-container elementor-column-gap-default\">\n\t\t\t\t\t<div class=\"elementor-column elementor-col-100 elementor-top-column elementor-element elementor-element-335b65b\" data-id=\"335b65b\" data-element_type=\"column\" data-e-type=\"column\">\n\t\t\t<div class=\"elementor-widget-wrap elementor-element-populated\">\n\t\t\t\t\t\t<div class=\"elementor-element elementor-element-893f7ab elementor-widget elementor-widget-spacer\" data-id=\"893f7ab\" data-element_type=\"widget\" data-e-type=\"widget\" data-widget_type=\"spacer.default\">\n\t\t\t\t<div class=\"elementor-widget-container\">\n\t\t\t\t\t\t\t<div class=\"elementor-spacer\">\n\t\t\t<div class=\"elementor-spacer-inner\"><\/div>\n\t\t<\/div>\n\t\t\t\t\t\t<\/div>\n\t\t\t\t<\/div>\n\t\t\t\t\t<\/div>\n\t\t<\/div>\n\t\t\t\t\t<\/div>\n\t\t<\/section>\n\t\t\t\t<\/div>\n\t\t","protected":false},"excerpt":{"rendered":"<p>Les employ\u00e9s de la mairie de S\u00e8te ont du c\u0153ur&nbsp;! [&hellip;]<\/p>\n","protected":false},"author":1,"featured_media":1113,"comment_status":"open","ping_status":"open","sticky":false,"template":"","format":"standard","meta":{"site-sidebar-layout":"default","site-content-layout":"","ast-site-content-layout":"default","site-content-style":"default","site-sidebar-style":"default","ast-global-header-display":"","ast-banner-title-visibility":"","ast-main-header-display":"","ast-hfb-above-header-display":"","ast-hfb-below-header-display":"","ast-hfb-mobile-header-display":"","site-post-title":"","ast-breadcrumbs-content":"","ast-featured-img":"","footer-sml-layout":"","ast-disable-related-posts":"","theme-transparent-header-meta":"","adv-header-id-meta":"","stick-header-meta":"","header-above-stick-meta":"","header-main-stick-meta":"","header-below-stick-meta":"","astra-migrate-meta-layouts":"default","ast-page-background-enabled":"default","ast-page-background-meta":{"desktop":{"background-color":"var(--ast-global-color-4)","background-image":"","background-repeat":"repeat","background-position":"center center","background-size":"auto","background-attachment":"scroll","background-type":"","background-media":"","overlay-type":"","overlay-color":"","overlay-opacity":"","overlay-gradient":""},"tablet":{"background-color":"","background-image":"","background-repeat":"repeat","background-position":"center center","background-size":"auto","background-attachment":"scroll","background-type":"","background-media":"","overlay-type":"","overlay-color":"","overlay-opacity":"","overlay-gradient":""},"mobile":{"background-color":"","background-image":"","background-repeat":"repeat","background-position":"center center","background-size":"auto","background-attachment":"scroll","background-type":"","background-media":"","overlay-type":"","overlay-color":"","overlay-opacity":"","overlay-gradient":""}},"ast-content-background-meta":{"desktop":{"background-color":"var(--ast-global-color-5)","background-image":"","background-repeat":"repeat","background-position":"center center","background-size":"auto","background-attachment":"scroll","background-type":"","background-media":"","overlay-type":"","overlay-color":"","overlay-opacity":"","overlay-gradient":""},"tablet":{"background-color":"var(--ast-global-color-5)","background-image":"","background-repeat":"repeat","background-position":"center center","background-size":"auto","background-attachment":"scroll","background-type":"","background-media":"","overlay-type":"","overlay-color":"","overlay-opacity":"","overlay-gradient":""},"mobile":{"background-color":"var(--ast-global-color-5)","background-image":"","background-repeat":"repeat","background-position":"center center","background-size":"auto","background-attachment":"scroll","background-type":"","background-media":"","overlay-type":"","overlay-color":"","overlay-opacity":"","overlay-gradient":""}},"footnotes":""},"categories":[9],"tags":[],"class_list":["post-1106","post","type-post","status-publish","format-standard","has-post-thumbnail","hentry","category-bonne-action"],"yoast_head":"<!-- This site is optimized with the Yoast SEO plugin v27.5 - https:\/\/yoast.com\/product\/yoast-seo-wordpress\/ -->\n<title>Le Rotary S\u00e8te Doyen fait un don \u00e0 l&#039;association France-Colombia<\/title>\n<meta name=\"description\" content=\"Le Rotary S\u00e8te Doyen a d\u00e9cid\u00e9 remettre un ch\u00e8que de 500 euros \u00e0 l&#039;association France- Colombia de Sylvie Macailloux.\" \/>\n<meta name=\"robots\" content=\"index, follow, max-snippet:-1, max-image-preview:large, max-video-preview:-1\" \/>\n<link rel=\"canonical\" href=\"https:\/\/rotarysete-doyen.org\/?p=1106\" \/>\n<meta property=\"og:locale\" content=\"fr_FR\" \/>\n<meta property=\"og:type\" content=\"article\" \/>\n<meta property=\"og:title\" content=\"Le Rotary S\u00e8te Doyen fait un don \u00e0 l&#039;association France-Colombia\" \/>\n<meta property=\"og:description\" content=\"Le Rotary S\u00e8te Doyen a d\u00e9cid\u00e9 remettre un ch\u00e8que de 500 euros \u00e0 l&#039;association France- Colombia de Sylvie Macailloux.\" \/>\n<meta property=\"og:url\" content=\"https:\/\/rotarysete-doyen.org\/?p=1106\" \/>\n<meta property=\"og:site_name\" content=\"rotarysete-doyen\" \/>\n<meta property=\"article:published_time\" content=\"2023-04-20T12:46:11+00:00\" \/>\n<meta property=\"article:modified_time\" content=\"2023-04-20T12:59:55+00:00\" \/>\n<meta property=\"og:image\" content=\"https:\/\/rotarysete-doyen.org\/wp-content\/uploads\/2023\/04\/vignette-NOS-ACTIONS-2.jpg\" \/>\n\t<meta property=\"og:image:width\" content=\"2000\" \/>\n\t<meta property=\"og:image:height\" content=\"1250\" \/>\n\t<meta property=\"og:image:type\" content=\"image\/jpeg\" \/>\n<meta name=\"author\" content=\"admin\" \/>\n<meta name=\"twitter:card\" content=\"summary_large_image\" \/>\n<meta name=\"twitter:label1\" content=\"\u00c9crit par\" \/>\n\t<meta name=\"twitter:data1\" content=\"admin\" \/>\n\t<meta name=\"twitter:label2\" content=\"Dur\u00e9e de lecture estim\u00e9e\" \/>\n\t<meta name=\"twitter:data2\" content=\"2 minutes\" \/>\n<script type=\"application\/ld+json\" class=\"yoast-schema-graph\">{\"@context\":\"https:\\\/\\\/schema.org\",\"@graph\":[{\"@type\":\"Article\",\"@id\":\"https:\\\/\\\/rotarysete-doyen.org\\\/?p=1106#article\",\"isPartOf\":{\"@id\":\"https:\\\/\\\/rotarysete-doyen.org\\\/?p=1106\"},\"author\":{\"name\":\"admin\",\"@id\":\"https:\\\/\\\/rotarysete-doyen.org\\\/#\\\/schema\\\/person\\\/9e72a67016192ce28bacfac9304acf1b\"},\"headline\":\"Le Rotary S\u00e8te Doyen fait un don \u00e0 l&rsquo;association France-Colombia\",\"datePublished\":\"2023-04-20T12:46:11+00:00\",\"dateModified\":\"2023-04-20T12:59:55+00:00\",\"mainEntityOfPage\":{\"@id\":\"https:\\\/\\\/rotarysete-doyen.org\\\/?p=1106\"},\"wordCount\":200,\"commentCount\":0,\"publisher\":{\"@id\":\"https:\\\/\\\/rotarysete-doyen.org\\\/#organization\"},\"image\":{\"@id\":\"https:\\\/\\\/rotarysete-doyen.org\\\/?p=1106#primaryimage\"},\"thumbnailUrl\":\"https:\\\/\\\/rotarysete-doyen.org\\\/wp-content\\\/uploads\\\/2023\\\/04\\\/vignette-NOS-ACTIONS-2.jpg\",\"articleSection\":[\"Bonne action\"],\"inLanguage\":\"fr-FR\",\"potentialAction\":[{\"@type\":\"CommentAction\",\"name\":\"Comment\",\"target\":[\"https:\\\/\\\/rotarysete-doyen.org\\\/?p=1106#respond\"]}]},{\"@type\":\"WebPage\",\"@id\":\"https:\\\/\\\/rotarysete-doyen.org\\\/?p=1106\",\"url\":\"https:\\\/\\\/rotarysete-doyen.org\\\/?p=1106\",\"name\":\"Le Rotary S\u00e8te Doyen fait un don \u00e0 l'association France-Colombia\",\"isPartOf\":{\"@id\":\"https:\\\/\\\/rotarysete-doyen.org\\\/#website\"},\"primaryImageOfPage\":{\"@id\":\"https:\\\/\\\/rotarysete-doyen.org\\\/?p=1106#primaryimage\"},\"image\":{\"@id\":\"https:\\\/\\\/rotarysete-doyen.org\\\/?p=1106#primaryimage\"},\"thumbnailUrl\":\"https:\\\/\\\/rotarysete-doyen.org\\\/wp-content\\\/uploads\\\/2023\\\/04\\\/vignette-NOS-ACTIONS-2.jpg\",\"datePublished\":\"2023-04-20T12:46:11+00:00\",\"dateModified\":\"2023-04-20T12:59:55+00:00\",\"description\":\"Le Rotary S\u00e8te Doyen a d\u00e9cid\u00e9 remettre un ch\u00e8que de 500 euros \u00e0 l'association France- Colombia de Sylvie Macailloux.\",\"breadcrumb\":{\"@id\":\"https:\\\/\\\/rotarysete-doyen.org\\\/?p=1106#breadcrumb\"},\"inLanguage\":\"fr-FR\",\"potentialAction\":[{\"@type\":\"ReadAction\",\"target\":[\"https:\\\/\\\/rotarysete-doyen.org\\\/?p=1106\"]}]},{\"@type\":\"ImageObject\",\"inLanguage\":\"fr-FR\",\"@id\":\"https:\\\/\\\/rotarysete-doyen.org\\\/?p=1106#primaryimage\",\"url\":\"https:\\\/\\\/rotarysete-doyen.org\\\/wp-content\\\/uploads\\\/2023\\\/04\\\/vignette-NOS-ACTIONS-2.jpg\",\"contentUrl\":\"https:\\\/\\\/rotarysete-doyen.org\\\/wp-content\\\/uploads\\\/2023\\\/04\\\/vignette-NOS-ACTIONS-2.jpg\",\"width\":2000,\"height\":1250},{\"@type\":\"BreadcrumbList\",\"@id\":\"https:\\\/\\\/rotarysete-doyen.org\\\/?p=1106#breadcrumb\",\"itemListElement\":[{\"@type\":\"ListItem\",\"position\":1,\"name\":\"Accueil\",\"item\":\"https:\\\/\\\/rotarysete-doyen.org\\\/\"},{\"@type\":\"ListItem\",\"position\":2,\"name\":\"Le Rotary S\u00e8te Doyen fait un don \u00e0 l&#8217;association France-Colombia\"}]},{\"@type\":\"WebSite\",\"@id\":\"https:\\\/\\\/rotarysete-doyen.org\\\/#website\",\"url\":\"https:\\\/\\\/rotarysete-doyen.org\\\/\",\"name\":\"rotarysete-doyen\",\"description\":\"\",\"publisher\":{\"@id\":\"https:\\\/\\\/rotarysete-doyen.org\\\/#organization\"},\"potentialAction\":[{\"@type\":\"SearchAction\",\"target\":{\"@type\":\"EntryPoint\",\"urlTemplate\":\"https:\\\/\\\/rotarysete-doyen.org\\\/?s={search_term_string}\"},\"query-input\":{\"@type\":\"PropertyValueSpecification\",\"valueRequired\":true,\"valueName\":\"search_term_string\"}}],\"inLanguage\":\"fr-FR\"},{\"@type\":\"Organization\",\"@id\":\"https:\\\/\\\/rotarysete-doyen.org\\\/#organization\",\"name\":\"rotarysete-doyen\",\"url\":\"https:\\\/\\\/rotarysete-doyen.org\\\/\",\"logo\":{\"@type\":\"ImageObject\",\"inLanguage\":\"fr-FR\",\"@id\":\"https:\\\/\\\/rotarysete-doyen.org\\\/#\\\/schema\\\/logo\\\/image\\\/\",\"url\":\"https:\\\/\\\/rotarysete-doyen.org\\\/wp-content\\\/uploads\\\/2023\\\/01\\\/logo-rotary-_Plan-de-travail-1-scaled.png\",\"contentUrl\":\"https:\\\/\\\/rotarysete-doyen.org\\\/wp-content\\\/uploads\\\/2023\\\/01\\\/logo-rotary-_Plan-de-travail-1-scaled.png\",\"width\":2560,\"height\":601,\"caption\":\"rotarysete-doyen\"},\"image\":{\"@id\":\"https:\\\/\\\/rotarysete-doyen.org\\\/#\\\/schema\\\/logo\\\/image\\\/\"}},{\"@type\":\"Person\",\"@id\":\"https:\\\/\\\/rotarysete-doyen.org\\\/#\\\/schema\\\/person\\\/9e72a67016192ce28bacfac9304acf1b\",\"name\":\"admin\",\"image\":{\"@type\":\"ImageObject\",\"inLanguage\":\"fr-FR\",\"@id\":\"https:\\\/\\\/secure.gravatar.com\\\/avatar\\\/0bbb5765594baaa323b58b57926b3d7976708f18854390fef40c88a59647f3b8?s=96&d=mm&r=g\",\"url\":\"https:\\\/\\\/secure.gravatar.com\\\/avatar\\\/0bbb5765594baaa323b58b57926b3d7976708f18854390fef40c88a59647f3b8?s=96&d=mm&r=g\",\"contentUrl\":\"https:\\\/\\\/secure.gravatar.com\\\/avatar\\\/0bbb5765594baaa323b58b57926b3d7976708f18854390fef40c88a59647f3b8?s=96&d=mm&r=g\",\"caption\":\"admin\"},\"sameAs\":[\"https:\\\/\\\/rotarysete-doyen.org\"],\"url\":\"https:\\\/\\\/rotarysete-doyen.org\\\/?author=1\"}]}<\/script>\n<!-- \/ Yoast SEO plugin. -->","yoast_head_json":{"title":"Le Rotary S\u00e8te Doyen fait un don \u00e0 l'association France-Colombia","description":"Le Rotary S\u00e8te Doyen a d\u00e9cid\u00e9 remettre un ch\u00e8que de 500 euros \u00e0 l'association France- Colombia de Sylvie Macailloux.","robots":{"index":"index","follow":"follow","max-snippet":"max-snippet:-1","max-image-preview":"max-image-preview:large","max-video-preview":"max-video-preview:-1"},"canonical":"https:\/\/rotarysete-doyen.org\/?p=1106","og_locale":"fr_FR","og_type":"article","og_title":"Le Rotary S\u00e8te Doyen fait un don \u00e0 l'association France-Colombia","og_description":"Le Rotary S\u00e8te Doyen a d\u00e9cid\u00e9 remettre un ch\u00e8que de 500 euros \u00e0 l'association France- Colombia de Sylvie Macailloux.","og_url":"https:\/\/rotarysete-doyen.org\/?p=1106","og_site_name":"rotarysete-doyen","article_published_time":"2023-04-20T12:46:11+00:00","article_modified_time":"2023-04-20T12:59:55+00:00","og_image":[{"width":2000,"height":1250,"url":"https:\/\/rotarysete-doyen.org\/wp-content\/uploads\/2023\/04\/vignette-NOS-ACTIONS-2.jpg","type":"image\/jpeg"}],"author":"admin","twitter_card":"summary_large_image","twitter_misc":{"\u00c9crit par":"admin","Dur\u00e9e de lecture estim\u00e9e":"2 minutes"},"schema":{"@context":"https:\/\/schema.org","@graph":[{"@type":"Article","@id":"https:\/\/rotarysete-doyen.org\/?p=1106#article","isPartOf":{"@id":"https:\/\/rotarysete-doyen.org\/?p=1106"},"author":{"name":"admin","@id":"https:\/\/rotarysete-doyen.org\/#\/schema\/person\/9e72a67016192ce28bacfac9304acf1b"},"headline":"Le Rotary S\u00e8te Doyen fait un don \u00e0 l&rsquo;association France-Colombia","datePublished":"2023-04-20T12:46:11+00:00","dateModified":"2023-04-20T12:59:55+00:00","mainEntityOfPage":{"@id":"https:\/\/rotarysete-doyen.org\/?p=1106"},"wordCount":200,"commentCount":0,"publisher":{"@id":"https:\/\/rotarysete-doyen.org\/#organization"},"image":{"@id":"https:\/\/rotarysete-doyen.org\/?p=1106#primaryimage"},"thumbnailUrl":"https:\/\/rotarysete-doyen.org\/wp-content\/uploads\/2023\/04\/vignette-NOS-ACTIONS-2.jpg","articleSection":["Bonne action"],"inLanguage":"fr-FR","potentialAction":[{"@type":"CommentAction","name":"Comment","target":["https:\/\/rotarysete-doyen.org\/?p=1106#respond"]}]},{"@type":"WebPage","@id":"https:\/\/rotarysete-doyen.org\/?p=1106","url":"https:\/\/rotarysete-doyen.org\/?p=1106","name":"Le Rotary S\u00e8te Doyen fait un don \u00e0 l'association France-Colombia","isPartOf":{"@id":"https:\/\/rotarysete-doyen.org\/#website"},"primaryImageOfPage":{"@id":"https:\/\/rotarysete-doyen.org\/?p=1106#primaryimage"},"image":{"@id":"https:\/\/rotarysete-doyen.org\/?p=1106#primaryimage"},"thumbnailUrl":"https:\/\/rotarysete-doyen.org\/wp-content\/uploads\/2023\/04\/vignette-NOS-ACTIONS-2.jpg","datePublished":"2023-04-20T12:46:11+00:00","dateModified":"2023-04-20T12:59:55+00:00","description":"Le Rotary S\u00e8te Doyen a d\u00e9cid\u00e9 remettre un ch\u00e8que de 500 euros \u00e0 l'association France- Colombia de Sylvie Macailloux.","breadcrumb":{"@id":"https:\/\/rotarysete-doyen.org\/?p=1106#breadcrumb"},"inLanguage":"fr-FR","potentialAction":[{"@type":"ReadAction","target":["https:\/\/rotarysete-doyen.org\/?p=1106"]}]},{"@type":"ImageObject","inLanguage":"fr-FR","@id":"https:\/\/rotarysete-doyen.org\/?p=1106#primaryimage","url":"https:\/\/rotarysete-doyen.org\/wp-content\/uploads\/2023\/04\/vignette-NOS-ACTIONS-2.jpg","contentUrl":"https:\/\/rotarysete-doyen.org\/wp-content\/uploads\/2023\/04\/vignette-NOS-ACTIONS-2.jpg","width":2000,"height":1250},{"@type":"BreadcrumbList","@id":"https:\/\/rotarysete-doyen.org\/?p=1106#breadcrumb","itemListElement":[{"@type":"ListItem","position":1,"name":"Accueil","item":"https:\/\/rotarysete-doyen.org\/"},{"@type":"ListItem","position":2,"name":"Le Rotary S\u00e8te Doyen fait un don \u00e0 l&#8217;association France-Colombia"}]},{"@type":"WebSite","@id":"https:\/\/rotarysete-doyen.org\/#website","url":"https:\/\/rotarysete-doyen.org\/","name":"rotarysete-doyen","description":"","publisher":{"@id":"https:\/\/rotarysete-doyen.org\/#organization"},"potentialAction":[{"@type":"SearchAction","target":{"@type":"EntryPoint","urlTemplate":"https:\/\/rotarysete-doyen.org\/?s={search_term_string}"},"query-input":{"@type":"PropertyValueSpecification","valueRequired":true,"valueName":"search_term_string"}}],"inLanguage":"fr-FR"},{"@type":"Organization","@id":"https:\/\/rotarysete-doyen.org\/#organization","name":"rotarysete-doyen","url":"https:\/\/rotarysete-doyen.org\/","logo":{"@type":"ImageObject","inLanguage":"fr-FR","@id":"https:\/\/rotarysete-doyen.org\/#\/schema\/logo\/image\/","url":"https:\/\/rotarysete-doyen.org\/wp-content\/uploads\/2023\/01\/logo-rotary-_Plan-de-travail-1-scaled.png","contentUrl":"https:\/\/rotarysete-doyen.org\/wp-content\/uploads\/2023\/01\/logo-rotary-_Plan-de-travail-1-scaled.png","width":2560,"height":601,"caption":"rotarysete-doyen"},"image":{"@id":"https:\/\/rotarysete-doyen.org\/#\/schema\/logo\/image\/"}},{"@type":"Person","@id":"https:\/\/rotarysete-doyen.org\/#\/schema\/person\/9e72a67016192ce28bacfac9304acf1b","name":"admin","image":{"@type":"ImageObject","inLanguage":"fr-FR","@id":"https:\/\/secure.gravatar.com\/avatar\/0bbb5765594baaa323b58b57926b3d7976708f18854390fef40c88a59647f3b8?s=96&d=mm&r=g","url":"https:\/\/secure.gravatar.com\/avatar\/0bbb5765594baaa323b58b57926b3d7976708f18854390fef40c88a59647f3b8?s=96&d=mm&r=g","contentUrl":"https:\/\/secure.gravatar.com\/avatar\/0bbb5765594baaa323b58b57926b3d7976708f18854390fef40c88a59647f3b8?s=96&d=mm&r=g","caption":"admin"},"sameAs":["https:\/\/rotarysete-doyen.org"],"url":"https:\/\/rotarysete-doyen.org\/?author=1"}]}},"_links":{"self":[{"href":"https:\/\/rotarysete-doyen.org\/index.php?rest_route=\/wp\/v2\/posts\/1106","targetHints":{"allow":["GET"]}}],"collection":[{"href":"https:\/\/rotarysete-doyen.org\/index.php?rest_route=\/wp\/v2\/posts"}],"about":[{"href":"https:\/\/rotarysete-doyen.org\/index.php?rest_route=\/wp\/v2\/types\/post"}],"author":[{"embeddable":true,"href":"https:\/\/rotarysete-doyen.org\/index.php?rest_route=\/wp\/v2\/users\/1"}],"replies":[{"embeddable":true,"href":"https:\/\/rotarysete-doyen.org\/index.php?rest_route=%2Fwp%2Fv2%2Fcomments&post=1106"}],"version-history":[{"count":14,"href":"https:\/\/rotarysete-doyen.org\/index.php?rest_route=\/wp\/v2\/posts\/1106\/revisions"}],"predecessor-version":[{"id":1127,"href":"https:\/\/rotarysete-doyen.org\/index.php?rest_route=\/wp\/v2\/posts\/1106\/revisions\/1127"}],"wp:featuredmedia":[{"embeddable":true,"href":"https:\/\/rotarysete-doyen.org\/index.php?rest_route=\/wp\/v2\/media\/1113"}],"wp:attachment":[{"href":"https:\/\/rotarysete-doyen.org\/index.php?rest_route=%2Fwp%2Fv2%2Fmedia&parent=1106"}],"wp:term":[{"taxonomy":"category","embeddable":true,"href":"https:\/\/rotarysete-doyen.org\/index.php?rest_route=%2Fwp%2Fv2%2Fcategories&post=1106"},{"taxonomy":"post_tag","embeddable":true,"href":"https:\/\/rotarysete-doyen.org\/index.php?rest_route=%2Fwp%2Fv2%2Ftags&post=1106"}],"curies":[{"name":"wp","href":"https:\/\/api.w.org\/{rel}","templated":true}]}}