{"id":1478,"date":"2023-08-05T12:01:47","date_gmt":"2023-08-05T12:01:47","guid":{"rendered":"https:\/\/rotarysete-doyen.org\/?p=1478"},"modified":"2023-09-12T12:14:51","modified_gmt":"2023-09-12T12:14:51","slug":"diner-estival-chez-pierre","status":"publish","type":"post","link":"https:\/\/rotarysete-doyen.org\/?p=1478","title":{"rendered":"D\u00eener estival chez Pierre"},"content":{"rendered":"\t\t<div data-elementor-type=\"wp-post\" data-elementor-id=\"1478\" class=\"elementor elementor-1478\">\n\t\t\t\t\t\t<section class=\"elementor-section elementor-top-section elementor-element elementor-element-6edbc7f elementor-section-boxed elementor-section-height-default elementor-section-height-default\" data-id=\"6edbc7f\" data-element_type=\"section\" data-e-type=\"section\">\n\t\t\t\t\t\t<div class=\"elementor-container elementor-column-gap-default\">\n\t\t\t\t\t<div class=\"elementor-column elementor-col-100 elementor-top-column elementor-element elementor-element-4ffeb9a\" data-id=\"4ffeb9a\" data-element_type=\"column\" data-e-type=\"column\">\n\t\t\t<div class=\"elementor-widget-wrap elementor-element-populated\">\n\t\t\t\t\t\t<div class=\"elementor-element elementor-element-ba3ab99 elementor-widget__width-initial elementor-widget elementor-widget-text-editor\" data-id=\"ba3ab99\" data-element_type=\"widget\" data-e-type=\"widget\" data-widget_type=\"text-editor.default\">\n\t\t\t\t<div class=\"elementor-widget-container\">\n\t\t\t\t\t\t\t\t\t<div>L&rsquo;\u00e9t\u00e9 nous quittons notre si\u00e8ge social, le Grand H\u00f4tel, pour des d\u00eeners ou des ap\u00e9ritifs dans S\u00e8te. Pierre notre rotarien et sa femme Elisabeth nous re\u00e7oivent pour un fabuleux repas au Mont Saint-Clair.\u00a0<\/div>\t\t\t\t\t\t\t\t<\/div>\n\t\t\t\t<\/div>\n\t\t\t\t\t<\/div>\n\t\t<\/div>\n\t\t\t\t\t<\/div>\n\t\t<\/section>\n\t\t\t\t<\/div>\n\t\t","protected":false},"excerpt":{"rendered":"<p>L&rsquo;\u00e9t\u00e9 nous quittons notre si\u00e8ge social, le Grand H\u00f4tel, pour [&hellip;]<\/p>\n","protected":false},"author":1,"featured_media":1483,"comment_status":"open","ping_status":"open","sticky":false,"template":"","format":"standard","meta":{"site-sidebar-layout":"default","site-content-layout":"","ast-site-content-layout":"default","site-content-style":"default","site-sidebar-style":"default","ast-global-header-display":"","ast-banner-title-visibility":"","ast-main-header-display":"","ast-hfb-above-header-display":"","ast-hfb-below-header-display":"","ast-hfb-mobile-header-display":"","site-post-title":"","ast-breadcrumbs-content":"","ast-featured-img":"","footer-sml-layout":"","ast-disable-related-posts":"","theme-transparent-header-meta":"","adv-header-id-meta":"","stick-header-meta":"","header-above-stick-meta":"","header-main-stick-meta":"","header-below-stick-meta":"","astra-migrate-meta-layouts":"default","ast-page-background-enabled":"default","ast-page-background-meta":{"desktop":{"background-color":"var(--ast-global-color-4)","background-image":"","background-repeat":"repeat","background-position":"center center","background-size":"auto","background-attachment":"scroll","background-type":"","background-media":"","overlay-type":"","overlay-color":"","overlay-opacity":"","overlay-gradient":""},"tablet":{"background-color":"","background-image":"","background-repeat":"repeat","background-position":"center center","background-size":"auto","background-attachment":"scroll","background-type":"","background-media":"","overlay-type":"","overlay-color":"","overlay-opacity":"","overlay-gradient":""},"mobile":{"background-color":"","background-image":"","background-repeat":"repeat","background-position":"center center","background-size":"auto","background-attachment":"scroll","background-type":"","background-media":"","overlay-type":"","overlay-color":"","overlay-opacity":"","overlay-gradient":""}},"ast-content-background-meta":{"desktop":{"background-color":"var(--ast-global-color-5)","background-image":"","background-repeat":"repeat","background-position":"center center","background-size":"auto","background-attachment":"scroll","background-type":"","background-media":"","overlay-type":"","overlay-color":"","overlay-opacity":"","overlay-gradient":""},"tablet":{"background-color":"var(--ast-global-color-5)","background-image":"","background-repeat":"repeat","background-position":"center center","background-size":"auto","background-attachment":"scroll","background-type":"","background-media":"","overlay-type":"","overlay-color":"","overlay-opacity":"","overlay-gradient":""},"mobile":{"background-color":"var(--ast-global-color-5)","background-image":"","background-repeat":"repeat","background-position":"center center","background-size":"auto","background-attachment":"scroll","background-type":"","background-media":"","overlay-type":"","overlay-color":"","overlay-opacity":"","overlay-gradient":""}},"footnotes":""},"categories":[8],"tags":[],"class_list":["post-1478","post","type-post","status-publish","format-standard","has-post-thumbnail","hentry","category-la-vie-du-club"],"yoast_head":"<!-- This site is optimized with the Yoast SEO plugin v27.5 - https:\/\/yoast.com\/product\/yoast-seo-wordpress\/ -->\n<title>D\u00eener estival chez Pierre<\/title>\n<meta name=\"description\" content=\"L&#039;\u00e9t\u00e9 nous quittons notre si\u00e8ge social, le Grand Hotel. Le rotarien Pierre nous re\u00e7oit au Mont Saint-Clair pour un d\u00e9licieux repas\" \/>\n<meta name=\"robots\" content=\"index, follow, max-snippet:-1, max-image-preview:large, max-video-preview:-1\" \/>\n<link rel=\"canonical\" href=\"https:\/\/rotarysete-doyen.org\/?p=1478\" \/>\n<meta property=\"og:locale\" content=\"fr_FR\" \/>\n<meta property=\"og:type\" content=\"article\" \/>\n<meta property=\"og:title\" content=\"D\u00eener estival chez Pierre\" \/>\n<meta property=\"og:description\" content=\"L&#039;\u00e9t\u00e9 nous quittons notre si\u00e8ge social, le Grand Hotel. Le rotarien Pierre nous re\u00e7oit au Mont Saint-Clair pour un d\u00e9licieux repas\" \/>\n<meta property=\"og:url\" content=\"https:\/\/rotarysete-doyen.org\/?p=1478\" \/>\n<meta property=\"og:site_name\" content=\"rotarysete-doyen\" \/>\n<meta property=\"article:published_time\" content=\"2023-08-05T12:01:47+00:00\" \/>\n<meta property=\"article:modified_time\" content=\"2023-09-12T12:14:51+00:00\" \/>\n<meta property=\"og:image\" content=\"https:\/\/rotarysete-doyen.org\/wp-content\/uploads\/2023\/09\/vignette-NOS-ACTIONS-6.jpg\" \/>\n\t<meta property=\"og:image:width\" content=\"2000\" \/>\n\t<meta property=\"og:image:height\" content=\"1250\" \/>\n\t<meta property=\"og:image:type\" content=\"image\/jpeg\" \/>\n<meta name=\"author\" content=\"admin\" \/>\n<meta name=\"twitter:card\" content=\"summary_large_image\" \/>\n<meta name=\"twitter:label1\" content=\"\u00c9crit par\" \/>\n\t<meta name=\"twitter:data1\" content=\"admin\" \/>\n\t<meta name=\"twitter:label2\" content=\"Dur\u00e9e de lecture estim\u00e9e\" \/>\n\t<meta name=\"twitter:data2\" content=\"1 minute\" \/>\n<script type=\"application\/ld+json\" class=\"yoast-schema-graph\">{\"@context\":\"https:\\\/\\\/schema.org\",\"@graph\":[{\"@type\":\"Article\",\"@id\":\"https:\\\/\\\/rotarysete-doyen.org\\\/?p=1478#article\",\"isPartOf\":{\"@id\":\"https:\\\/\\\/rotarysete-doyen.org\\\/?p=1478\"},\"author\":{\"name\":\"admin\",\"@id\":\"https:\\\/\\\/rotarysete-doyen.org\\\/#\\\/schema\\\/person\\\/9e72a67016192ce28bacfac9304acf1b\"},\"headline\":\"D\u00eener estival chez Pierre\",\"datePublished\":\"2023-08-05T12:01:47+00:00\",\"dateModified\":\"2023-09-12T12:14:51+00:00\",\"mainEntityOfPage\":{\"@id\":\"https:\\\/\\\/rotarysete-doyen.org\\\/?p=1478\"},\"wordCount\":45,\"commentCount\":0,\"publisher\":{\"@id\":\"https:\\\/\\\/rotarysete-doyen.org\\\/#organization\"},\"image\":{\"@id\":\"https:\\\/\\\/rotarysete-doyen.org\\\/?p=1478#primaryimage\"},\"thumbnailUrl\":\"https:\\\/\\\/rotarysete-doyen.org\\\/wp-content\\\/uploads\\\/2023\\\/09\\\/vignette-NOS-ACTIONS-6.jpg\",\"articleSection\":[\"La vie du club\"],\"inLanguage\":\"fr-FR\",\"potentialAction\":[{\"@type\":\"CommentAction\",\"name\":\"Comment\",\"target\":[\"https:\\\/\\\/rotarysete-doyen.org\\\/?p=1478#respond\"]}]},{\"@type\":\"WebPage\",\"@id\":\"https:\\\/\\\/rotarysete-doyen.org\\\/?p=1478\",\"url\":\"https:\\\/\\\/rotarysete-doyen.org\\\/?p=1478\",\"name\":\"D\u00eener estival chez Pierre\",\"isPartOf\":{\"@id\":\"https:\\\/\\\/rotarysete-doyen.org\\\/#website\"},\"primaryImageOfPage\":{\"@id\":\"https:\\\/\\\/rotarysete-doyen.org\\\/?p=1478#primaryimage\"},\"image\":{\"@id\":\"https:\\\/\\\/rotarysete-doyen.org\\\/?p=1478#primaryimage\"},\"thumbnailUrl\":\"https:\\\/\\\/rotarysete-doyen.org\\\/wp-content\\\/uploads\\\/2023\\\/09\\\/vignette-NOS-ACTIONS-6.jpg\",\"datePublished\":\"2023-08-05T12:01:47+00:00\",\"dateModified\":\"2023-09-12T12:14:51+00:00\",\"description\":\"L'\u00e9t\u00e9 nous quittons notre si\u00e8ge social, le Grand Hotel. Le rotarien Pierre nous re\u00e7oit au Mont Saint-Clair pour un d\u00e9licieux repas\",\"breadcrumb\":{\"@id\":\"https:\\\/\\\/rotarysete-doyen.org\\\/?p=1478#breadcrumb\"},\"inLanguage\":\"fr-FR\",\"potentialAction\":[{\"@type\":\"ReadAction\",\"target\":[\"https:\\\/\\\/rotarysete-doyen.org\\\/?p=1478\"]}]},{\"@type\":\"ImageObject\",\"inLanguage\":\"fr-FR\",\"@id\":\"https:\\\/\\\/rotarysete-doyen.org\\\/?p=1478#primaryimage\",\"url\":\"https:\\\/\\\/rotarysete-doyen.org\\\/wp-content\\\/uploads\\\/2023\\\/09\\\/vignette-NOS-ACTIONS-6.jpg\",\"contentUrl\":\"https:\\\/\\\/rotarysete-doyen.org\\\/wp-content\\\/uploads\\\/2023\\\/09\\\/vignette-NOS-ACTIONS-6.jpg\",\"width\":2000,\"height\":1250},{\"@type\":\"BreadcrumbList\",\"@id\":\"https:\\\/\\\/rotarysete-doyen.org\\\/?p=1478#breadcrumb\",\"itemListElement\":[{\"@type\":\"ListItem\",\"position\":1,\"name\":\"Accueil\",\"item\":\"https:\\\/\\\/rotarysete-doyen.org\\\/\"},{\"@type\":\"ListItem\",\"position\":2,\"name\":\"D\u00eener estival chez Pierre\"}]},{\"@type\":\"WebSite\",\"@id\":\"https:\\\/\\\/rotarysete-doyen.org\\\/#website\",\"url\":\"https:\\\/\\\/rotarysete-doyen.org\\\/\",\"name\":\"rotarysete-doyen\",\"description\":\"\",\"publisher\":{\"@id\":\"https:\\\/\\\/rotarysete-doyen.org\\\/#organization\"},\"potentialAction\":[{\"@type\":\"SearchAction\",\"target\":{\"@type\":\"EntryPoint\",\"urlTemplate\":\"https:\\\/\\\/rotarysete-doyen.org\\\/?s={search_term_string}\"},\"query-input\":{\"@type\":\"PropertyValueSpecification\",\"valueRequired\":true,\"valueName\":\"search_term_string\"}}],\"inLanguage\":\"fr-FR\"},{\"@type\":\"Organization\",\"@id\":\"https:\\\/\\\/rotarysete-doyen.org\\\/#organization\",\"name\":\"rotarysete-doyen\",\"url\":\"https:\\\/\\\/rotarysete-doyen.org\\\/\",\"logo\":{\"@type\":\"ImageObject\",\"inLanguage\":\"fr-FR\",\"@id\":\"https:\\\/\\\/rotarysete-doyen.org\\\/#\\\/schema\\\/logo\\\/image\\\/\",\"url\":\"https:\\\/\\\/rotarysete-doyen.org\\\/wp-content\\\/uploads\\\/2023\\\/01\\\/logo-rotary-_Plan-de-travail-1-scaled.png\",\"contentUrl\":\"https:\\\/\\\/rotarysete-doyen.org\\\/wp-content\\\/uploads\\\/2023\\\/01\\\/logo-rotary-_Plan-de-travail-1-scaled.png\",\"width\":2560,\"height\":601,\"caption\":\"rotarysete-doyen\"},\"image\":{\"@id\":\"https:\\\/\\\/rotarysete-doyen.org\\\/#\\\/schema\\\/logo\\\/image\\\/\"}},{\"@type\":\"Person\",\"@id\":\"https:\\\/\\\/rotarysete-doyen.org\\\/#\\\/schema\\\/person\\\/9e72a67016192ce28bacfac9304acf1b\",\"name\":\"admin\",\"image\":{\"@type\":\"ImageObject\",\"inLanguage\":\"fr-FR\",\"@id\":\"https:\\\/\\\/secure.gravatar.com\\\/avatar\\\/0bbb5765594baaa323b58b57926b3d7976708f18854390fef40c88a59647f3b8?s=96&d=mm&r=g\",\"url\":\"https:\\\/\\\/secure.gravatar.com\\\/avatar\\\/0bbb5765594baaa323b58b57926b3d7976708f18854390fef40c88a59647f3b8?s=96&d=mm&r=g\",\"contentUrl\":\"https:\\\/\\\/secure.gravatar.com\\\/avatar\\\/0bbb5765594baaa323b58b57926b3d7976708f18854390fef40c88a59647f3b8?s=96&d=mm&r=g\",\"caption\":\"admin\"},\"sameAs\":[\"https:\\\/\\\/rotarysete-doyen.org\"],\"url\":\"https:\\\/\\\/rotarysete-doyen.org\\\/?author=1\"}]}<\/script>\n<!-- \/ Yoast SEO plugin. -->","yoast_head_json":{"title":"D\u00eener estival chez Pierre","description":"L'\u00e9t\u00e9 nous quittons notre si\u00e8ge social, le Grand Hotel. Le rotarien Pierre nous re\u00e7oit au Mont Saint-Clair pour un d\u00e9licieux repas","robots":{"index":"index","follow":"follow","max-snippet":"max-snippet:-1","max-image-preview":"max-image-preview:large","max-video-preview":"max-video-preview:-1"},"canonical":"https:\/\/rotarysete-doyen.org\/?p=1478","og_locale":"fr_FR","og_type":"article","og_title":"D\u00eener estival chez Pierre","og_description":"L'\u00e9t\u00e9 nous quittons notre si\u00e8ge social, le Grand Hotel. Le rotarien Pierre nous re\u00e7oit au Mont Saint-Clair pour un d\u00e9licieux repas","og_url":"https:\/\/rotarysete-doyen.org\/?p=1478","og_site_name":"rotarysete-doyen","article_published_time":"2023-08-05T12:01:47+00:00","article_modified_time":"2023-09-12T12:14:51+00:00","og_image":[{"width":2000,"height":1250,"url":"https:\/\/rotarysete-doyen.org\/wp-content\/uploads\/2023\/09\/vignette-NOS-ACTIONS-6.jpg","type":"image\/jpeg"}],"author":"admin","twitter_card":"summary_large_image","twitter_misc":{"\u00c9crit par":"admin","Dur\u00e9e de lecture estim\u00e9e":"1 minute"},"schema":{"@context":"https:\/\/schema.org","@graph":[{"@type":"Article","@id":"https:\/\/rotarysete-doyen.org\/?p=1478#article","isPartOf":{"@id":"https:\/\/rotarysete-doyen.org\/?p=1478"},"author":{"name":"admin","@id":"https:\/\/rotarysete-doyen.org\/#\/schema\/person\/9e72a67016192ce28bacfac9304acf1b"},"headline":"D\u00eener estival chez Pierre","datePublished":"2023-08-05T12:01:47+00:00","dateModified":"2023-09-12T12:14:51+00:00","mainEntityOfPage":{"@id":"https:\/\/rotarysete-doyen.org\/?p=1478"},"wordCount":45,"commentCount":0,"publisher":{"@id":"https:\/\/rotarysete-doyen.org\/#organization"},"image":{"@id":"https:\/\/rotarysete-doyen.org\/?p=1478#primaryimage"},"thumbnailUrl":"https:\/\/rotarysete-doyen.org\/wp-content\/uploads\/2023\/09\/vignette-NOS-ACTIONS-6.jpg","articleSection":["La vie du club"],"inLanguage":"fr-FR","potentialAction":[{"@type":"CommentAction","name":"Comment","target":["https:\/\/rotarysete-doyen.org\/?p=1478#respond"]}]},{"@type":"WebPage","@id":"https:\/\/rotarysete-doyen.org\/?p=1478","url":"https:\/\/rotarysete-doyen.org\/?p=1478","name":"D\u00eener estival chez Pierre","isPartOf":{"@id":"https:\/\/rotarysete-doyen.org\/#website"},"primaryImageOfPage":{"@id":"https:\/\/rotarysete-doyen.org\/?p=1478#primaryimage"},"image":{"@id":"https:\/\/rotarysete-doyen.org\/?p=1478#primaryimage"},"thumbnailUrl":"https:\/\/rotarysete-doyen.org\/wp-content\/uploads\/2023\/09\/vignette-NOS-ACTIONS-6.jpg","datePublished":"2023-08-05T12:01:47+00:00","dateModified":"2023-09-12T12:14:51+00:00","description":"L'\u00e9t\u00e9 nous quittons notre si\u00e8ge social, le Grand Hotel. Le rotarien Pierre nous re\u00e7oit au Mont Saint-Clair pour un d\u00e9licieux repas","breadcrumb":{"@id":"https:\/\/rotarysete-doyen.org\/?p=1478#breadcrumb"},"inLanguage":"fr-FR","potentialAction":[{"@type":"ReadAction","target":["https:\/\/rotarysete-doyen.org\/?p=1478"]}]},{"@type":"ImageObject","inLanguage":"fr-FR","@id":"https:\/\/rotarysete-doyen.org\/?p=1478#primaryimage","url":"https:\/\/rotarysete-doyen.org\/wp-content\/uploads\/2023\/09\/vignette-NOS-ACTIONS-6.jpg","contentUrl":"https:\/\/rotarysete-doyen.org\/wp-content\/uploads\/2023\/09\/vignette-NOS-ACTIONS-6.jpg","width":2000,"height":1250},{"@type":"BreadcrumbList","@id":"https:\/\/rotarysete-doyen.org\/?p=1478#breadcrumb","itemListElement":[{"@type":"ListItem","position":1,"name":"Accueil","item":"https:\/\/rotarysete-doyen.org\/"},{"@type":"ListItem","position":2,"name":"D\u00eener estival chez Pierre"}]},{"@type":"WebSite","@id":"https:\/\/rotarysete-doyen.org\/#website","url":"https:\/\/rotarysete-doyen.org\/","name":"rotarysete-doyen","description":"","publisher":{"@id":"https:\/\/rotarysete-doyen.org\/#organization"},"potentialAction":[{"@type":"SearchAction","target":{"@type":"EntryPoint","urlTemplate":"https:\/\/rotarysete-doyen.org\/?s={search_term_string}"},"query-input":{"@type":"PropertyValueSpecification","valueRequired":true,"valueName":"search_term_string"}}],"inLanguage":"fr-FR"},{"@type":"Organization","@id":"https:\/\/rotarysete-doyen.org\/#organization","name":"rotarysete-doyen","url":"https:\/\/rotarysete-doyen.org\/","logo":{"@type":"ImageObject","inLanguage":"fr-FR","@id":"https:\/\/rotarysete-doyen.org\/#\/schema\/logo\/image\/","url":"https:\/\/rotarysete-doyen.org\/wp-content\/uploads\/2023\/01\/logo-rotary-_Plan-de-travail-1-scaled.png","contentUrl":"https:\/\/rotarysete-doyen.org\/wp-content\/uploads\/2023\/01\/logo-rotary-_Plan-de-travail-1-scaled.png","width":2560,"height":601,"caption":"rotarysete-doyen"},"image":{"@id":"https:\/\/rotarysete-doyen.org\/#\/schema\/logo\/image\/"}},{"@type":"Person","@id":"https:\/\/rotarysete-doyen.org\/#\/schema\/person\/9e72a67016192ce28bacfac9304acf1b","name":"admin","image":{"@type":"ImageObject","inLanguage":"fr-FR","@id":"https:\/\/secure.gravatar.com\/avatar\/0bbb5765594baaa323b58b57926b3d7976708f18854390fef40c88a59647f3b8?s=96&d=mm&r=g","url":"https:\/\/secure.gravatar.com\/avatar\/0bbb5765594baaa323b58b57926b3d7976708f18854390fef40c88a59647f3b8?s=96&d=mm&r=g","contentUrl":"https:\/\/secure.gravatar.com\/avatar\/0bbb5765594baaa323b58b57926b3d7976708f18854390fef40c88a59647f3b8?s=96&d=mm&r=g","caption":"admin"},"sameAs":["https:\/\/rotarysete-doyen.org"],"url":"https:\/\/rotarysete-doyen.org\/?author=1"}]}},"_links":{"self":[{"href":"https:\/\/rotarysete-doyen.org\/index.php?rest_route=\/wp\/v2\/posts\/1478","targetHints":{"allow":["GET"]}}],"collection":[{"href":"https:\/\/rotarysete-doyen.org\/index.php?rest_route=\/wp\/v2\/posts"}],"about":[{"href":"https:\/\/rotarysete-doyen.org\/index.php?rest_route=\/wp\/v2\/types\/post"}],"author":[{"embeddable":true,"href":"https:\/\/rotarysete-doyen.org\/index.php?rest_route=\/wp\/v2\/users\/1"}],"replies":[{"embeddable":true,"href":"https:\/\/rotarysete-doyen.org\/index.php?rest_route=%2Fwp%2Fv2%2Fcomments&post=1478"}],"version-history":[{"count":8,"href":"https:\/\/rotarysete-doyen.org\/index.php?rest_route=\/wp\/v2\/posts\/1478\/revisions"}],"predecessor-version":[{"id":1487,"href":"https:\/\/rotarysete-doyen.org\/index.php?rest_route=\/wp\/v2\/posts\/1478\/revisions\/1487"}],"wp:featuredmedia":[{"embeddable":true,"href":"https:\/\/rotarysete-doyen.org\/index.php?rest_route=\/wp\/v2\/media\/1483"}],"wp:attachment":[{"href":"https:\/\/rotarysete-doyen.org\/index.php?rest_route=%2Fwp%2Fv2%2Fmedia&parent=1478"}],"wp:term":[{"taxonomy":"category","embeddable":true,"href":"https:\/\/rotarysete-doyen.org\/index.php?rest_route=%2Fwp%2Fv2%2Fcategories&post=1478"},{"taxonomy":"post_tag","embeddable":true,"href":"https:\/\/rotarysete-doyen.org\/index.php?rest_route=%2Fwp%2Fv2%2Ftags&post=1478"}],"curies":[{"name":"wp","href":"https:\/\/api.w.org\/{rel}","templated":true}]}}