{"id":1687,"date":"2023-11-01T15:49:35","date_gmt":"2023-11-01T15:49:35","guid":{"rendered":"https:\/\/rotarysete-doyen.org\/?p=1687"},"modified":"2023-11-30T16:08:54","modified_gmt":"2023-11-30T16:08:54","slug":"hommage-a-gerard-rethore","status":"publish","type":"post","link":"https:\/\/rotarysete-doyen.org\/?p=1687","title":{"rendered":"Hommage \u00e0 G\u00e9rard R\u00e9thor\u00e9"},"content":{"rendered":"\t\t<div data-elementor-type=\"wp-post\" data-elementor-id=\"1687\" class=\"elementor elementor-1687\">\n\t\t\t\t\t\t<section class=\"elementor-section elementor-top-section elementor-element elementor-element-4b8db96 elementor-section-boxed elementor-section-height-default elementor-section-height-default\" data-id=\"4b8db96\" data-element_type=\"section\" data-e-type=\"section\">\n\t\t\t\t\t\t<div class=\"elementor-container elementor-column-gap-default\">\n\t\t\t\t\t<div class=\"elementor-column elementor-col-50 elementor-top-column elementor-element elementor-element-60159d5\" data-id=\"60159d5\" data-element_type=\"column\" data-e-type=\"column\">\n\t\t\t<div class=\"elementor-widget-wrap elementor-element-populated\">\n\t\t\t\t\t\t<div class=\"elementor-element elementor-element-ba3ab99 elementor-widget__width-initial elementor-widget-tablet__width-initial elementor-widget elementor-widget-text-editor\" data-id=\"ba3ab99\" data-element_type=\"widget\" data-e-type=\"widget\" data-widget_type=\"text-editor.default\">\n\t\t\t\t<div class=\"elementor-widget-container\">\n\t\t\t\t\t\t\t\t\t<p>Le 12 octobre 2023 le club de S\u00e8te souhaitait mettre \u00e0 l\u2019honneur un de ses membres G\u00e9rard R\u00e9thor\u00e9 pour ses 55 ans d\u2019anciennet\u00e9.<\/p><p>C\u2019est notre \u00a0Gouverneur 2023-2024 Jean-Marc Martinez\u00a0 accompagn\u00e9 \u00a0de Sylvie Fabre L\u00e9onard\u00a0 ADG\u00a0 du club qui a remis \u00e0 G\u00e9rard le troph\u00e9e et le dipl\u00f4me.<\/p><p>G\u00e9rard \u00a0est entr\u00e9 au Rotary en 1969 et en a \u00e9t\u00e9\u00a0 le Pr\u00e9sident durant l&rsquo;ann\u00e9e rotarienne 1984-1985.<\/p><p>Il est un homme plein d\u2019humanit\u00e9 et d\u2019humilit\u00e9, qui, par sa sagesse, sa rigueur et son dynamisme a \u00e9t\u00e9 la colonne vert\u00e9brale du club pendant de tr\u00e8s nombreuses ann\u00e9es.<\/p>\t\t\t\t\t\t\t\t<\/div>\n\t\t\t\t<\/div>\n\t\t\t\t\t<\/div>\n\t\t<\/div>\n\t\t\t\t<div class=\"elementor-column elementor-col-50 elementor-top-column elementor-element elementor-element-4727c98\" data-id=\"4727c98\" data-element_type=\"column\" data-e-type=\"column\">\n\t\t\t<div class=\"elementor-widget-wrap elementor-element-populated\">\n\t\t\t\t\t\t<div class=\"elementor-element elementor-element-8a70187 elementor-widget__width-initial elementor-widget elementor-widget-image\" data-id=\"8a70187\" data-element_type=\"widget\" data-e-type=\"widget\" data-widget_type=\"image.default\">\n\t\t\t\t<div class=\"elementor-widget-container\">\n\t\t\t\t\t\t\t\t\t\t\t\t\t\t\t<img fetchpriority=\"high\" decoding=\"async\" width=\"768\" height=\"1024\" src=\"https:\/\/rotarysete-doyen.org\/wp-content\/uploads\/2023\/11\/8d837e81-327f-49ff-9cb3-6dffe0a89511-hommage-a-gerard-rethore-1000009702-768x1024.jpg\" class=\"attachment-large size-large wp-image-1689\" alt=\"\" srcset=\"https:\/\/rotarysete-doyen.org\/wp-content\/uploads\/2023\/11\/8d837e81-327f-49ff-9cb3-6dffe0a89511-hommage-a-gerard-rethore-1000009702-768x1024.jpg 768w, https:\/\/rotarysete-doyen.org\/wp-content\/uploads\/2023\/11\/8d837e81-327f-49ff-9cb3-6dffe0a89511-hommage-a-gerard-rethore-1000009702-225x300.jpg 225w, https:\/\/rotarysete-doyen.org\/wp-content\/uploads\/2023\/11\/8d837e81-327f-49ff-9cb3-6dffe0a89511-hommage-a-gerard-rethore-1000009702-1152x1536.jpg 1152w, https:\/\/rotarysete-doyen.org\/wp-content\/uploads\/2023\/11\/8d837e81-327f-49ff-9cb3-6dffe0a89511-hommage-a-gerard-rethore-1000009702.jpg 1500w\" sizes=\"(max-width: 768px) 100vw, 768px\" \/>\t\t\t\t\t\t\t\t\t\t\t\t\t\t\t<\/div>\n\t\t\t\t<\/div>\n\t\t\t\t\t<\/div>\n\t\t<\/div>\n\t\t\t\t\t<\/div>\n\t\t<\/section>\n\t\t\t\t<section class=\"elementor-section elementor-top-section elementor-element elementor-element-281fe75 elementor-section-boxed elementor-section-height-default elementor-section-height-default\" data-id=\"281fe75\" data-element_type=\"section\" data-e-type=\"section\">\n\t\t\t\t\t\t<div class=\"elementor-container elementor-column-gap-default\">\n\t\t\t\t\t<div class=\"elementor-column elementor-col-100 elementor-top-column elementor-element elementor-element-3729b0c\" data-id=\"3729b0c\" data-element_type=\"column\" data-e-type=\"column\">\n\t\t\t<div class=\"elementor-widget-wrap elementor-element-populated\">\n\t\t\t\t\t\t<div class=\"elementor-element elementor-element-ac7890d elementor-widget__width-initial elementor-widget-tablet__width-initial elementor-widget elementor-widget-text-editor\" data-id=\"ac7890d\" data-element_type=\"widget\" data-e-type=\"widget\" data-widget_type=\"text-editor.default\">\n\t\t\t\t<div class=\"elementor-widget-container\">\n\t\t\t\t\t\t\t\t\t<div id=\"dnn_ctr4568_Control_LI_Blocs_Panel1_0\" class=\" BlocPhotoLeft MiniNews\"><div id=\"dnn_ctr4568_Control_LI_Blocs_pnl_content_0\" class=\"Block\"><div id=\"dnn_ctr4568_Control_LI_Blocs_Panel1_0\" class=\" BlocPhotoLeft MiniNews\"><div id=\"dnn_ctr4568_Control_LI_Blocs_pnl_content_0\" class=\"Block\"><p>G\u00e9rard est aussi la m\u00e9moire et l\u2019historien du club. Il a \u00e9t\u00e9 notamment un des principaux contributeurs pour la r\u00e9daction de l\u2019ouvrage \u00ab\u00a0Il \u00e9tait une fois le Rotary Club de S\u00e8te Doyen\u00a0\u00bb, livre qui retrace la vie du club sur la p\u00e9riode 1931\/2011, soit 90 ans d\u2019histoire.\u00a0<\/p><p>Il \u00a0a aussi \u00e9t\u00e9 un des principaux acteurs du soutien constant du club \u00e0 l\u2019association de sauvegarde de l\u2019abbaye de St F\u00e9lix de Montceau, abbaye qui domine le massif de La Gardiole et qui appartient \u00e0 notre patrimoine r\u00e9gional.\u00a0\u00a0<\/p><\/div><\/div><p>G\u00e9rard est opticien renomm\u00e9 sur la place de S\u00e8te, c\u2019est un homme passionn\u00e9 de l\u2019histoire de la ville et aussi un sculpteur reconnu\u00a0 (deux de ses \u0153uvres sont expos\u00e9es dans la ville de S\u00e8te).\u00a0\u00a0<\/p><p>Et m\u00eame si aujourd\u2019hui, l\u2019\u00e2ge et la maladie de son \u00e9pouse, ne lui permettent plus d\u2019\u00eatre pr\u00e9sent au club autant qu\u2019il le voudrait, chaque fois qu\u2019on l\u2019appelle, il r\u00e9pond pr\u00e9sent pour une information, un renseignement ou un conseil.<\/p><\/div><p class=\"p1\">En conclusion, je citerai la pr\u00e9sidente V\u00e9ronique Goma \u00ab\u00a0\u00c0 nos yeux, G\u00e9rard est un Grand Monsieur, un ROTARIEN au grand c\u0153ur. C\u2019est pour cela que tous nos membres ont voulu organiser cette soir\u00e9e pour remercier\u00a0G\u00e9rard\u00a0de son long engagement au sein de notre club\u00bb<\/p><p class=\"p1\">Pour la lettre du Gouverneur<\/p><p class=\"p1\">Marie-Fran\u00e7oise Chapuis<\/p><\/div>\t\t\t\t\t\t\t\t<\/div>\n\t\t\t\t<\/div>\n\t\t\t\t\t<\/div>\n\t\t<\/div>\n\t\t\t\t\t<\/div>\n\t\t<\/section>\n\t\t\t\t<section class=\"elementor-section elementor-top-section elementor-element elementor-element-71b653f elementor-section-boxed elementor-section-height-default elementor-section-height-default\" data-id=\"71b653f\" data-element_type=\"section\" data-e-type=\"section\">\n\t\t\t\t\t\t<div class=\"elementor-container elementor-column-gap-default\">\n\t\t\t\t\t<div class=\"elementor-column elementor-col-100 elementor-top-column elementor-element elementor-element-0033c31\" data-id=\"0033c31\" data-element_type=\"column\" data-e-type=\"column\">\n\t\t\t<div class=\"elementor-widget-wrap elementor-element-populated\">\n\t\t\t\t\t\t<div class=\"elementor-element elementor-element-5941276 elementor-widget elementor-widget-image\" data-id=\"5941276\" data-element_type=\"widget\" data-e-type=\"widget\" data-widget_type=\"image.default\">\n\t\t\t\t<div class=\"elementor-widget-container\">\n\t\t\t\t\t\t\t\t\t\t\t\t\t\t\t<img decoding=\"async\" width=\"1024\" height=\"640\" src=\"https:\/\/rotarysete-doyen.org\/wp-content\/uploads\/2023\/11\/vignette-NOS-ACTIONS-3-1024x640.jpg\" class=\"attachment-large size-large wp-image-1694\" alt=\"\" srcset=\"https:\/\/rotarysete-doyen.org\/wp-content\/uploads\/2023\/11\/vignette-NOS-ACTIONS-3-1024x640.jpg 1024w, https:\/\/rotarysete-doyen.org\/wp-content\/uploads\/2023\/11\/vignette-NOS-ACTIONS-3-300x188.jpg 300w, https:\/\/rotarysete-doyen.org\/wp-content\/uploads\/2023\/11\/vignette-NOS-ACTIONS-3-768x480.jpg 768w, https:\/\/rotarysete-doyen.org\/wp-content\/uploads\/2023\/11\/vignette-NOS-ACTIONS-3-1536x960.jpg 1536w, https:\/\/rotarysete-doyen.org\/wp-content\/uploads\/2023\/11\/vignette-NOS-ACTIONS-3.jpg 2000w\" sizes=\"(max-width: 1024px) 100vw, 1024px\" \/>\t\t\t\t\t\t\t\t\t\t\t\t\t\t\t<\/div>\n\t\t\t\t<\/div>\n\t\t\t\t\t<\/div>\n\t\t<\/div>\n\t\t\t\t\t<\/div>\n\t\t<\/section>\n\t\t\t\t<\/div>\n\t\t","protected":false},"excerpt":{"rendered":"<p>Le 12 octobre 2023 le club de S\u00e8te souhaitait mettre [&hellip;]<\/p>\n","protected":false},"author":1,"featured_media":1694,"comment_status":"open","ping_status":"open","sticky":false,"template":"","format":"standard","meta":{"site-sidebar-layout":"default","site-content-layout":"","ast-site-content-layout":"default","site-content-style":"default","site-sidebar-style":"default","ast-global-header-display":"","ast-banner-title-visibility":"","ast-main-header-display":"","ast-hfb-above-header-display":"","ast-hfb-below-header-display":"","ast-hfb-mobile-header-display":"","site-post-title":"","ast-breadcrumbs-content":"","ast-featured-img":"","footer-sml-layout":"","ast-disable-related-posts":"","theme-transparent-header-meta":"","adv-header-id-meta":"","stick-header-meta":"","header-above-stick-meta":"","header-main-stick-meta":"","header-below-stick-meta":"","astra-migrate-meta-layouts":"set","ast-page-background-enabled":"default","ast-page-background-meta":{"desktop":{"background-color":"var(--ast-global-color-4)","background-image":"","background-repeat":"repeat","background-position":"center center","background-size":"auto","background-attachment":"scroll","background-type":"","background-media":"","overlay-type":"","overlay-color":"","overlay-opacity":"","overlay-gradient":""},"tablet":{"background-color":"","background-image":"","background-repeat":"repeat","background-position":"center center","background-size":"auto","background-attachment":"scroll","background-type":"","background-media":"","overlay-type":"","overlay-color":"","overlay-opacity":"","overlay-gradient":""},"mobile":{"background-color":"","background-image":"","background-repeat":"repeat","background-position":"center center","background-size":"auto","background-attachment":"scroll","background-type":"","background-media":"","overlay-type":"","overlay-color":"","overlay-opacity":"","overlay-gradient":""}},"ast-content-background-meta":{"desktop":{"background-color":"var(--ast-global-color-5)","background-image":"","background-repeat":"repeat","background-position":"center center","background-size":"auto","background-attachment":"scroll","background-type":"","background-media":"","overlay-type":"","overlay-color":"","overlay-opacity":"","overlay-gradient":""},"tablet":{"background-color":"var(--ast-global-color-5)","background-image":"","background-repeat":"repeat","background-position":"center center","background-size":"auto","background-attachment":"scroll","background-type":"","background-media":"","overlay-type":"","overlay-color":"","overlay-opacity":"","overlay-gradient":""},"mobile":{"background-color":"var(--ast-global-color-5)","background-image":"","background-repeat":"repeat","background-position":"center center","background-size":"auto","background-attachment":"scroll","background-type":"","background-media":"","overlay-type":"","overlay-color":"","overlay-opacity":"","overlay-gradient":""}},"footnotes":""},"categories":[8],"tags":[],"class_list":["post-1687","post","type-post","status-publish","format-standard","has-post-thumbnail","hentry","category-la-vie-du-club"],"yoast_head":"<!-- This site is optimized with the Yoast SEO plugin v27.5 - https:\/\/yoast.com\/product\/yoast-seo-wordpress\/ -->\n<title>D\u00eener estival \u00e0 la paillote de la voile rouge \u00e0 S\u00e8te<\/title>\n<meta name=\"description\" content=\"L&#039;\u00e9t\u00e9 nous quittons notre si\u00e8ge social, le Grand Hotel. Nous avons d\u00eener les pieds dans le sable \u00e0 la paillote de la Voile Rouge \u00e0 S\u00e8te\" \/>\n<meta name=\"robots\" content=\"index, follow, max-snippet:-1, max-image-preview:large, max-video-preview:-1\" \/>\n<link rel=\"canonical\" href=\"https:\/\/rotarysete-doyen.org\/?p=1687\" \/>\n<meta property=\"og:locale\" content=\"fr_FR\" \/>\n<meta property=\"og:type\" content=\"article\" \/>\n<meta property=\"og:title\" content=\"D\u00eener estival \u00e0 la paillote de la voile rouge \u00e0 S\u00e8te\" \/>\n<meta property=\"og:description\" content=\"L&#039;\u00e9t\u00e9 nous quittons notre si\u00e8ge social, le Grand Hotel. Nous avons d\u00eener les pieds dans le sable \u00e0 la paillote de la Voile Rouge \u00e0 S\u00e8te\" \/>\n<meta property=\"og:url\" content=\"https:\/\/rotarysete-doyen.org\/?p=1687\" \/>\n<meta property=\"og:site_name\" content=\"rotarysete-doyen\" \/>\n<meta property=\"article:published_time\" content=\"2023-11-01T15:49:35+00:00\" \/>\n<meta property=\"article:modified_time\" content=\"2023-11-30T16:08:54+00:00\" \/>\n<meta property=\"og:image\" content=\"https:\/\/rotarysete-doyen.org\/wp-content\/uploads\/2023\/11\/vignette-NOS-ACTIONS-3.jpg\" \/>\n\t<meta property=\"og:image:width\" content=\"2000\" \/>\n\t<meta property=\"og:image:height\" content=\"1250\" \/>\n\t<meta property=\"og:image:type\" content=\"image\/jpeg\" \/>\n<meta name=\"author\" content=\"admin\" \/>\n<meta name=\"twitter:card\" content=\"summary_large_image\" \/>\n<meta name=\"twitter:label1\" content=\"\u00c9crit par\" \/>\n\t<meta name=\"twitter:data1\" content=\"admin\" \/>\n\t<meta name=\"twitter:label2\" content=\"Dur\u00e9e de lecture estim\u00e9e\" \/>\n\t<meta name=\"twitter:data2\" content=\"2 minutes\" \/>\n<script type=\"application\/ld+json\" class=\"yoast-schema-graph\">{\"@context\":\"https:\\\/\\\/schema.org\",\"@graph\":[{\"@type\":\"Article\",\"@id\":\"https:\\\/\\\/rotarysete-doyen.org\\\/?p=1687#article\",\"isPartOf\":{\"@id\":\"https:\\\/\\\/rotarysete-doyen.org\\\/?p=1687\"},\"author\":{\"name\":\"admin\",\"@id\":\"https:\\\/\\\/rotarysete-doyen.org\\\/#\\\/schema\\\/person\\\/9e72a67016192ce28bacfac9304acf1b\"},\"headline\":\"Hommage \u00e0 G\u00e9rard R\u00e9thor\u00e9\",\"datePublished\":\"2023-11-01T15:49:35+00:00\",\"dateModified\":\"2023-11-30T16:08:54+00:00\",\"mainEntityOfPage\":{\"@id\":\"https:\\\/\\\/rotarysete-doyen.org\\\/?p=1687\"},\"wordCount\":351,\"commentCount\":0,\"publisher\":{\"@id\":\"https:\\\/\\\/rotarysete-doyen.org\\\/#organization\"},\"image\":{\"@id\":\"https:\\\/\\\/rotarysete-doyen.org\\\/?p=1687#primaryimage\"},\"thumbnailUrl\":\"https:\\\/\\\/rotarysete-doyen.org\\\/wp-content\\\/uploads\\\/2023\\\/11\\\/vignette-NOS-ACTIONS-3.jpg\",\"articleSection\":[\"La vie du club\"],\"inLanguage\":\"fr-FR\",\"potentialAction\":[{\"@type\":\"CommentAction\",\"name\":\"Comment\",\"target\":[\"https:\\\/\\\/rotarysete-doyen.org\\\/?p=1687#respond\"]}]},{\"@type\":\"WebPage\",\"@id\":\"https:\\\/\\\/rotarysete-doyen.org\\\/?p=1687\",\"url\":\"https:\\\/\\\/rotarysete-doyen.org\\\/?p=1687\",\"name\":\"D\u00eener estival \u00e0 la paillote de la voile rouge \u00e0 S\u00e8te\",\"isPartOf\":{\"@id\":\"https:\\\/\\\/rotarysete-doyen.org\\\/#website\"},\"primaryImageOfPage\":{\"@id\":\"https:\\\/\\\/rotarysete-doyen.org\\\/?p=1687#primaryimage\"},\"image\":{\"@id\":\"https:\\\/\\\/rotarysete-doyen.org\\\/?p=1687#primaryimage\"},\"thumbnailUrl\":\"https:\\\/\\\/rotarysete-doyen.org\\\/wp-content\\\/uploads\\\/2023\\\/11\\\/vignette-NOS-ACTIONS-3.jpg\",\"datePublished\":\"2023-11-01T15:49:35+00:00\",\"dateModified\":\"2023-11-30T16:08:54+00:00\",\"description\":\"L'\u00e9t\u00e9 nous quittons notre si\u00e8ge social, le Grand Hotel. Nous avons d\u00eener les pieds dans le sable \u00e0 la paillote de la Voile Rouge \u00e0 S\u00e8te\",\"breadcrumb\":{\"@id\":\"https:\\\/\\\/rotarysete-doyen.org\\\/?p=1687#breadcrumb\"},\"inLanguage\":\"fr-FR\",\"potentialAction\":[{\"@type\":\"ReadAction\",\"target\":[\"https:\\\/\\\/rotarysete-doyen.org\\\/?p=1687\"]}]},{\"@type\":\"ImageObject\",\"inLanguage\":\"fr-FR\",\"@id\":\"https:\\\/\\\/rotarysete-doyen.org\\\/?p=1687#primaryimage\",\"url\":\"https:\\\/\\\/rotarysete-doyen.org\\\/wp-content\\\/uploads\\\/2023\\\/11\\\/vignette-NOS-ACTIONS-3.jpg\",\"contentUrl\":\"https:\\\/\\\/rotarysete-doyen.org\\\/wp-content\\\/uploads\\\/2023\\\/11\\\/vignette-NOS-ACTIONS-3.jpg\",\"width\":2000,\"height\":1250},{\"@type\":\"BreadcrumbList\",\"@id\":\"https:\\\/\\\/rotarysete-doyen.org\\\/?p=1687#breadcrumb\",\"itemListElement\":[{\"@type\":\"ListItem\",\"position\":1,\"name\":\"Accueil\",\"item\":\"https:\\\/\\\/rotarysete-doyen.org\\\/\"},{\"@type\":\"ListItem\",\"position\":2,\"name\":\"Hommage \u00e0 G\u00e9rard R\u00e9thor\u00e9\"}]},{\"@type\":\"WebSite\",\"@id\":\"https:\\\/\\\/rotarysete-doyen.org\\\/#website\",\"url\":\"https:\\\/\\\/rotarysete-doyen.org\\\/\",\"name\":\"rotarysete-doyen\",\"description\":\"\",\"publisher\":{\"@id\":\"https:\\\/\\\/rotarysete-doyen.org\\\/#organization\"},\"potentialAction\":[{\"@type\":\"SearchAction\",\"target\":{\"@type\":\"EntryPoint\",\"urlTemplate\":\"https:\\\/\\\/rotarysete-doyen.org\\\/?s={search_term_string}\"},\"query-input\":{\"@type\":\"PropertyValueSpecification\",\"valueRequired\":true,\"valueName\":\"search_term_string\"}}],\"inLanguage\":\"fr-FR\"},{\"@type\":\"Organization\",\"@id\":\"https:\\\/\\\/rotarysete-doyen.org\\\/#organization\",\"name\":\"rotarysete-doyen\",\"url\":\"https:\\\/\\\/rotarysete-doyen.org\\\/\",\"logo\":{\"@type\":\"ImageObject\",\"inLanguage\":\"fr-FR\",\"@id\":\"https:\\\/\\\/rotarysete-doyen.org\\\/#\\\/schema\\\/logo\\\/image\\\/\",\"url\":\"https:\\\/\\\/rotarysete-doyen.org\\\/wp-content\\\/uploads\\\/2023\\\/01\\\/logo-rotary-_Plan-de-travail-1-scaled.png\",\"contentUrl\":\"https:\\\/\\\/rotarysete-doyen.org\\\/wp-content\\\/uploads\\\/2023\\\/01\\\/logo-rotary-_Plan-de-travail-1-scaled.png\",\"width\":2560,\"height\":601,\"caption\":\"rotarysete-doyen\"},\"image\":{\"@id\":\"https:\\\/\\\/rotarysete-doyen.org\\\/#\\\/schema\\\/logo\\\/image\\\/\"}},{\"@type\":\"Person\",\"@id\":\"https:\\\/\\\/rotarysete-doyen.org\\\/#\\\/schema\\\/person\\\/9e72a67016192ce28bacfac9304acf1b\",\"name\":\"admin\",\"image\":{\"@type\":\"ImageObject\",\"inLanguage\":\"fr-FR\",\"@id\":\"https:\\\/\\\/secure.gravatar.com\\\/avatar\\\/0bbb5765594baaa323b58b57926b3d7976708f18854390fef40c88a59647f3b8?s=96&d=mm&r=g\",\"url\":\"https:\\\/\\\/secure.gravatar.com\\\/avatar\\\/0bbb5765594baaa323b58b57926b3d7976708f18854390fef40c88a59647f3b8?s=96&d=mm&r=g\",\"contentUrl\":\"https:\\\/\\\/secure.gravatar.com\\\/avatar\\\/0bbb5765594baaa323b58b57926b3d7976708f18854390fef40c88a59647f3b8?s=96&d=mm&r=g\",\"caption\":\"admin\"},\"sameAs\":[\"https:\\\/\\\/rotarysete-doyen.org\"],\"url\":\"https:\\\/\\\/rotarysete-doyen.org\\\/?author=1\"}]}<\/script>\n<!-- \/ Yoast SEO plugin. -->","yoast_head_json":{"title":"D\u00eener estival \u00e0 la paillote de la voile rouge \u00e0 S\u00e8te","description":"L'\u00e9t\u00e9 nous quittons notre si\u00e8ge social, le Grand Hotel. Nous avons d\u00eener les pieds dans le sable \u00e0 la paillote de la Voile Rouge \u00e0 S\u00e8te","robots":{"index":"index","follow":"follow","max-snippet":"max-snippet:-1","max-image-preview":"max-image-preview:large","max-video-preview":"max-video-preview:-1"},"canonical":"https:\/\/rotarysete-doyen.org\/?p=1687","og_locale":"fr_FR","og_type":"article","og_title":"D\u00eener estival \u00e0 la paillote de la voile rouge \u00e0 S\u00e8te","og_description":"L'\u00e9t\u00e9 nous quittons notre si\u00e8ge social, le Grand Hotel. Nous avons d\u00eener les pieds dans le sable \u00e0 la paillote de la Voile Rouge \u00e0 S\u00e8te","og_url":"https:\/\/rotarysete-doyen.org\/?p=1687","og_site_name":"rotarysete-doyen","article_published_time":"2023-11-01T15:49:35+00:00","article_modified_time":"2023-11-30T16:08:54+00:00","og_image":[{"width":2000,"height":1250,"url":"https:\/\/rotarysete-doyen.org\/wp-content\/uploads\/2023\/11\/vignette-NOS-ACTIONS-3.jpg","type":"image\/jpeg"}],"author":"admin","twitter_card":"summary_large_image","twitter_misc":{"\u00c9crit par":"admin","Dur\u00e9e de lecture estim\u00e9e":"2 minutes"},"schema":{"@context":"https:\/\/schema.org","@graph":[{"@type":"Article","@id":"https:\/\/rotarysete-doyen.org\/?p=1687#article","isPartOf":{"@id":"https:\/\/rotarysete-doyen.org\/?p=1687"},"author":{"name":"admin","@id":"https:\/\/rotarysete-doyen.org\/#\/schema\/person\/9e72a67016192ce28bacfac9304acf1b"},"headline":"Hommage \u00e0 G\u00e9rard R\u00e9thor\u00e9","datePublished":"2023-11-01T15:49:35+00:00","dateModified":"2023-11-30T16:08:54+00:00","mainEntityOfPage":{"@id":"https:\/\/rotarysete-doyen.org\/?p=1687"},"wordCount":351,"commentCount":0,"publisher":{"@id":"https:\/\/rotarysete-doyen.org\/#organization"},"image":{"@id":"https:\/\/rotarysete-doyen.org\/?p=1687#primaryimage"},"thumbnailUrl":"https:\/\/rotarysete-doyen.org\/wp-content\/uploads\/2023\/11\/vignette-NOS-ACTIONS-3.jpg","articleSection":["La vie du club"],"inLanguage":"fr-FR","potentialAction":[{"@type":"CommentAction","name":"Comment","target":["https:\/\/rotarysete-doyen.org\/?p=1687#respond"]}]},{"@type":"WebPage","@id":"https:\/\/rotarysete-doyen.org\/?p=1687","url":"https:\/\/rotarysete-doyen.org\/?p=1687","name":"D\u00eener estival \u00e0 la paillote de la voile rouge \u00e0 S\u00e8te","isPartOf":{"@id":"https:\/\/rotarysete-doyen.org\/#website"},"primaryImageOfPage":{"@id":"https:\/\/rotarysete-doyen.org\/?p=1687#primaryimage"},"image":{"@id":"https:\/\/rotarysete-doyen.org\/?p=1687#primaryimage"},"thumbnailUrl":"https:\/\/rotarysete-doyen.org\/wp-content\/uploads\/2023\/11\/vignette-NOS-ACTIONS-3.jpg","datePublished":"2023-11-01T15:49:35+00:00","dateModified":"2023-11-30T16:08:54+00:00","description":"L'\u00e9t\u00e9 nous quittons notre si\u00e8ge social, le Grand Hotel. Nous avons d\u00eener les pieds dans le sable \u00e0 la paillote de la Voile Rouge \u00e0 S\u00e8te","breadcrumb":{"@id":"https:\/\/rotarysete-doyen.org\/?p=1687#breadcrumb"},"inLanguage":"fr-FR","potentialAction":[{"@type":"ReadAction","target":["https:\/\/rotarysete-doyen.org\/?p=1687"]}]},{"@type":"ImageObject","inLanguage":"fr-FR","@id":"https:\/\/rotarysete-doyen.org\/?p=1687#primaryimage","url":"https:\/\/rotarysete-doyen.org\/wp-content\/uploads\/2023\/11\/vignette-NOS-ACTIONS-3.jpg","contentUrl":"https:\/\/rotarysete-doyen.org\/wp-content\/uploads\/2023\/11\/vignette-NOS-ACTIONS-3.jpg","width":2000,"height":1250},{"@type":"BreadcrumbList","@id":"https:\/\/rotarysete-doyen.org\/?p=1687#breadcrumb","itemListElement":[{"@type":"ListItem","position":1,"name":"Accueil","item":"https:\/\/rotarysete-doyen.org\/"},{"@type":"ListItem","position":2,"name":"Hommage \u00e0 G\u00e9rard R\u00e9thor\u00e9"}]},{"@type":"WebSite","@id":"https:\/\/rotarysete-doyen.org\/#website","url":"https:\/\/rotarysete-doyen.org\/","name":"rotarysete-doyen","description":"","publisher":{"@id":"https:\/\/rotarysete-doyen.org\/#organization"},"potentialAction":[{"@type":"SearchAction","target":{"@type":"EntryPoint","urlTemplate":"https:\/\/rotarysete-doyen.org\/?s={search_term_string}"},"query-input":{"@type":"PropertyValueSpecification","valueRequired":true,"valueName":"search_term_string"}}],"inLanguage":"fr-FR"},{"@type":"Organization","@id":"https:\/\/rotarysete-doyen.org\/#organization","name":"rotarysete-doyen","url":"https:\/\/rotarysete-doyen.org\/","logo":{"@type":"ImageObject","inLanguage":"fr-FR","@id":"https:\/\/rotarysete-doyen.org\/#\/schema\/logo\/image\/","url":"https:\/\/rotarysete-doyen.org\/wp-content\/uploads\/2023\/01\/logo-rotary-_Plan-de-travail-1-scaled.png","contentUrl":"https:\/\/rotarysete-doyen.org\/wp-content\/uploads\/2023\/01\/logo-rotary-_Plan-de-travail-1-scaled.png","width":2560,"height":601,"caption":"rotarysete-doyen"},"image":{"@id":"https:\/\/rotarysete-doyen.org\/#\/schema\/logo\/image\/"}},{"@type":"Person","@id":"https:\/\/rotarysete-doyen.org\/#\/schema\/person\/9e72a67016192ce28bacfac9304acf1b","name":"admin","image":{"@type":"ImageObject","inLanguage":"fr-FR","@id":"https:\/\/secure.gravatar.com\/avatar\/0bbb5765594baaa323b58b57926b3d7976708f18854390fef40c88a59647f3b8?s=96&d=mm&r=g","url":"https:\/\/secure.gravatar.com\/avatar\/0bbb5765594baaa323b58b57926b3d7976708f18854390fef40c88a59647f3b8?s=96&d=mm&r=g","contentUrl":"https:\/\/secure.gravatar.com\/avatar\/0bbb5765594baaa323b58b57926b3d7976708f18854390fef40c88a59647f3b8?s=96&d=mm&r=g","caption":"admin"},"sameAs":["https:\/\/rotarysete-doyen.org"],"url":"https:\/\/rotarysete-doyen.org\/?author=1"}]}},"_links":{"self":[{"href":"https:\/\/rotarysete-doyen.org\/index.php?rest_route=\/wp\/v2\/posts\/1687","targetHints":{"allow":["GET"]}}],"collection":[{"href":"https:\/\/rotarysete-doyen.org\/index.php?rest_route=\/wp\/v2\/posts"}],"about":[{"href":"https:\/\/rotarysete-doyen.org\/index.php?rest_route=\/wp\/v2\/types\/post"}],"author":[{"embeddable":true,"href":"https:\/\/rotarysete-doyen.org\/index.php?rest_route=\/wp\/v2\/users\/1"}],"replies":[{"embeddable":true,"href":"https:\/\/rotarysete-doyen.org\/index.php?rest_route=%2Fwp%2Fv2%2Fcomments&post=1687"}],"version-history":[{"count":23,"href":"https:\/\/rotarysete-doyen.org\/index.php?rest_route=\/wp\/v2\/posts\/1687\/revisions"}],"predecessor-version":[{"id":1714,"href":"https:\/\/rotarysete-doyen.org\/index.php?rest_route=\/wp\/v2\/posts\/1687\/revisions\/1714"}],"wp:featuredmedia":[{"embeddable":true,"href":"https:\/\/rotarysete-doyen.org\/index.php?rest_route=\/wp\/v2\/media\/1694"}],"wp:attachment":[{"href":"https:\/\/rotarysete-doyen.org\/index.php?rest_route=%2Fwp%2Fv2%2Fmedia&parent=1687"}],"wp:term":[{"taxonomy":"category","embeddable":true,"href":"https:\/\/rotarysete-doyen.org\/index.php?rest_route=%2Fwp%2Fv2%2Fcategories&post=1687"},{"taxonomy":"post_tag","embeddable":true,"href":"https:\/\/rotarysete-doyen.org\/index.php?rest_route=%2Fwp%2Fv2%2Ftags&post=1687"}],"curies":[{"name":"wp","href":"https:\/\/api.w.org\/{rel}","templated":true}]}}