{"id":2550,"date":"2025-04-14T06:41:30","date_gmt":"2025-04-14T06:41:30","guid":{"rendered":"https:\/\/rotarysete-doyen.org\/?p=2550"},"modified":"2025-04-14T06:53:45","modified_gmt":"2025-04-14T06:53:45","slug":"le-rotary-club-doyen-lance-ses-tirelires-dans-les-commerces","status":"publish","type":"post","link":"https:\/\/rotarysete-doyen.org\/?p=2550","title":{"rendered":"Le Rotary Club Doyen lance ses tirelires dans les commerces"},"content":{"rendered":"\t\t<div data-elementor-type=\"wp-post\" data-elementor-id=\"2550\" class=\"elementor elementor-2550\">\n\t\t\t\t\t\t<section class=\"elementor-section elementor-top-section elementor-element elementor-element-6924475 elementor-section-boxed elementor-section-height-default elementor-section-height-default\" data-id=\"6924475\" data-element_type=\"section\" data-e-type=\"section\">\n\t\t\t\t\t\t<div class=\"elementor-container elementor-column-gap-default\">\n\t\t\t\t\t<div class=\"elementor-column elementor-col-100 elementor-top-column elementor-element elementor-element-dcb7e8f\" data-id=\"dcb7e8f\" data-element_type=\"column\" data-e-type=\"column\">\n\t\t\t<div class=\"elementor-widget-wrap elementor-element-populated\">\n\t\t\t\t\t\t<div class=\"elementor-element elementor-element-a729fca elementor-widget elementor-widget-image\" data-id=\"a729fca\" data-element_type=\"widget\" data-e-type=\"widget\" data-widget_type=\"image.default\">\n\t\t\t\t<div class=\"elementor-widget-container\">\n\t\t\t\t\t\t\t\t\t\t\t\t\t\t\t<img fetchpriority=\"high\" decoding=\"async\" width=\"1024\" height=\"768\" src=\"https:\/\/rotarysete-doyen.org\/wp-content\/uploads\/2025\/03\/WhatsApp-Image-2025-03-28-at-09.12.16-1024x768.jpeg\" class=\"attachment-large size-large wp-image-2525\" alt=\"\" srcset=\"https:\/\/rotarysete-doyen.org\/wp-content\/uploads\/2025\/03\/WhatsApp-Image-2025-03-28-at-09.12.16-1024x768.jpeg 1024w, https:\/\/rotarysete-doyen.org\/wp-content\/uploads\/2025\/03\/WhatsApp-Image-2025-03-28-at-09.12.16-300x225.jpeg 300w, https:\/\/rotarysete-doyen.org\/wp-content\/uploads\/2025\/03\/WhatsApp-Image-2025-03-28-at-09.12.16-768x576.jpeg 768w, https:\/\/rotarysete-doyen.org\/wp-content\/uploads\/2025\/03\/WhatsApp-Image-2025-03-28-at-09.12.16-1536x1152.jpeg 1536w, https:\/\/rotarysete-doyen.org\/wp-content\/uploads\/2025\/03\/WhatsApp-Image-2025-03-28-at-09.12.16.jpeg 1600w\" sizes=\"(max-width: 1024px) 100vw, 1024px\" \/>\t\t\t\t\t\t\t\t\t\t\t\t\t\t\t<\/div>\n\t\t\t\t<\/div>\n\t\t\t\t\t<\/div>\n\t\t<\/div>\n\t\t\t\t\t<\/div>\n\t\t<\/section>\n\t\t\t\t<section class=\"elementor-section elementor-top-section elementor-element elementor-element-3264779 elementor-section-boxed elementor-section-height-default elementor-section-height-default\" data-id=\"3264779\" data-element_type=\"section\" data-e-type=\"section\">\n\t\t\t\t\t\t<div class=\"elementor-container elementor-column-gap-default\">\n\t\t\t\t\t<div class=\"elementor-column elementor-col-100 elementor-top-column elementor-element elementor-element-d0c2a1d\" data-id=\"d0c2a1d\" data-element_type=\"column\" data-e-type=\"column\">\n\t\t\t<div class=\"elementor-widget-wrap elementor-element-populated\">\n\t\t\t\t\t\t<div class=\"elementor-element elementor-element-f4dd0ec elementor-widget elementor-widget-text-editor\" data-id=\"f4dd0ec\" data-element_type=\"widget\" data-e-type=\"widget\" data-widget_type=\"text-editor.default\">\n\t\t\t\t<div class=\"elementor-widget-container\">\n\t\t\t\t\t\t\t\t\t<p>En 2025, ann\u00e9e marqu\u00e9e par ses 94 ans d\u2019existence, le Rotary Club Doyen de S\u00e8te renforce ses actions solidaires avec une s\u00e9rie d\u2019initiatives destin\u00e9es \u00e0 soutenir des causes locales et nationales. Parmi elles, l\u2019op\u00e9ration <strong data-start=\"433\" data-end=\"466\">\u00ab Les tirelires de l\u2019avenir \u00bb<\/strong>, lanc\u00e9e ce premier trimestre, vise \u00e0 r\u00e9colter des fonds dans divers commerces s\u00e9tois pour soutenir la recherche sur les maladies du cerveau (Alzheimer, Parkinson, Charcot, Trisomie 21\u2026).<\/p>\t\t\t\t\t\t\t\t<\/div>\n\t\t\t\t<\/div>\n\t\t\t\t\t<\/div>\n\t\t<\/div>\n\t\t\t\t\t<\/div>\n\t\t<\/section>\n\t\t\t\t<section class=\"elementor-section elementor-top-section elementor-element elementor-element-4ff3f44 elementor-section-boxed elementor-section-height-default elementor-section-height-default\" data-id=\"4ff3f44\" data-element_type=\"section\" data-e-type=\"section\">\n\t\t\t\t\t\t<div class=\"elementor-container elementor-column-gap-default\">\n\t\t\t\t\t<div class=\"elementor-column elementor-col-100 elementor-top-column elementor-element elementor-element-f2f33a9\" data-id=\"f2f33a9\" data-element_type=\"column\" data-e-type=\"column\">\n\t\t\t<div class=\"elementor-widget-wrap elementor-element-populated\">\n\t\t\t\t\t\t<div class=\"elementor-element elementor-element-6a2ec46 elementor-widget elementor-widget-heading\" data-id=\"6a2ec46\" data-element_type=\"widget\" data-e-type=\"widget\" data-widget_type=\"heading.default\">\n\t\t\t\t<div class=\"elementor-widget-container\">\n\t\t\t\t\t<h2 class=\"elementor-heading-title elementor-size-default\">Une dynamique solidaire tout au long de l\u2019ann\u00e9e<\/h2>\t\t\t\t<\/div>\n\t\t\t\t<\/div>\n\t\t\t\t<div class=\"elementor-element elementor-element-bcef4ce elementor-widget elementor-widget-text-editor\" data-id=\"bcef4ce\" data-element_type=\"widget\" data-e-type=\"widget\" data-widget_type=\"text-editor.default\">\n\t\t\t\t<div class=\"elementor-widget-container\">\n\t\t\t\t\t\t\t\t\t<p>Le programme 2025 comprend des remises de ch\u00e8ques, des lotos solidaires, la r\u00e9novation de l\u2019Abbaye Saint-F\u00e9lix-de-Montceau, ou encore le soutien \u00e0 un jeune pilote de karting. Une soir\u00e9e blanche est aussi pr\u00e9vue le 5 septembre \u00e0 la Voile Rouge au profit de l\u2019association Seta Mer. Le 10 avril, un ch\u00e8que sera remis \u00e0 une structure de recherche sur les maladies du cerveau.<\/p>\t\t\t\t\t\t\t\t<\/div>\n\t\t\t\t<\/div>\n\t\t\t\t<div class=\"elementor-element elementor-element-a83eeee elementor-widget elementor-widget-heading\" data-id=\"a83eeee\" data-element_type=\"widget\" data-e-type=\"widget\" data-widget_type=\"heading.default\">\n\t\t\t\t<div class=\"elementor-widget-container\">\n\t\t\t\t\t<h2 class=\"elementor-heading-title elementor-size-default\">Un engagement collectif<\/h2>\t\t\t\t<\/div>\n\t\t\t\t<\/div>\n\t\t\t\t<div class=\"elementor-element elementor-element-d306759 elementor-widget elementor-widget-text-editor\" data-id=\"d306759\" data-element_type=\"widget\" data-e-type=\"widget\" data-widget_type=\"text-editor.default\">\n\t\t\t\t<div class=\"elementor-widget-container\">\n\t\t\t\t\t\t\t\t\t<p>Chaque projet est vot\u00e9 \u00e0 l\u2019unanimit\u00e9 par les membres du club : <strong data-start=\"1173\" data-end=\"1224\">\u00ab Il faut souvent bien d\u00e9fendre son dossier ! \u00bb<\/strong>, rappelle Genevi\u00e8ve Pompel, pr\u00e9sidente du club, soulignant l\u2019investissement n\u00e9cessaire pour concr\u00e9tiser les actions.<\/p>\t\t\t\t\t\t\t\t<\/div>\n\t\t\t\t<\/div>\n\t\t\t\t<div class=\"elementor-element elementor-element-dcc2485 elementor-widget elementor-widget-heading\" data-id=\"dcc2485\" data-element_type=\"widget\" data-e-type=\"widget\" data-widget_type=\"heading.default\">\n\t\t\t\t<div class=\"elementor-widget-container\">\n\t\t\t\t\t<h2 class=\"elementor-heading-title elementor-size-default\">Commer\u00e7ants partenaires<\/h2>\t\t\t\t<\/div>\n\t\t\t\t<\/div>\n\t\t\t\t<div class=\"elementor-element elementor-element-82fe560 elementor-widget elementor-widget-text-editor\" data-id=\"82fe560\" data-element_type=\"widget\" data-e-type=\"widget\" data-widget_type=\"text-editor.default\">\n\t\t\t\t<div class=\"elementor-widget-container\">\n\t\t\t\t\t\t\t\t\t<p class=\"\" data-start=\"1372\" data-end=\"1596\">D\u00e9j\u00e0 une dizaine de commer\u00e7ants participent \u00e0 l\u2019op\u00e9ration \u00ab Les tirelires de l\u2019avenir \u00bb, dont : La Civette, les boulangeries Soro, Lubrano, La Carioca, Epi d\u2019Or, le Fournil des Pins, la fromagerie A &amp; Co, et La Talmeli\u00e8re.<\/p><p class=\"\" data-start=\"1598\" data-end=\"1762\"><strong data-start=\"1598\" data-end=\"1638\">Un euro d\u00e9pos\u00e9, un euro redistribu\u00e9.<\/strong><br data-start=\"1638\" data-end=\"1641\" \/>Le Rotary Club invite tous les commer\u00e7ants int\u00e9ress\u00e9s \u00e0 rejoindre cette belle initiative en contactant le 06 10 65 09 04.<\/p>\t\t\t\t\t\t\t\t<\/div>\n\t\t\t\t<\/div>\n\t\t\t\t\t<\/div>\n\t\t<\/div>\n\t\t\t\t\t<\/div>\n\t\t<\/section>\n\t\t\t\t<section class=\"elementor-section elementor-top-section elementor-element elementor-element-7011d0f elementor-section-boxed elementor-section-height-default elementor-section-height-default\" data-id=\"7011d0f\" data-element_type=\"section\" data-e-type=\"section\">\n\t\t\t\t\t\t<div class=\"elementor-container elementor-column-gap-default\">\n\t\t\t\t\t<div class=\"elementor-column elementor-col-100 elementor-top-column elementor-element elementor-element-40f74bd\" data-id=\"40f74bd\" data-element_type=\"column\" data-e-type=\"column\">\n\t\t\t<div class=\"elementor-widget-wrap elementor-element-populated\">\n\t\t\t\t\t\t<div class=\"elementor-element elementor-element-a4170eb elementor-widget elementor-widget-image\" data-id=\"a4170eb\" data-element_type=\"widget\" data-e-type=\"widget\" data-widget_type=\"image.default\">\n\t\t\t\t<div class=\"elementor-widget-container\">\n\t\t\t\t\t\t\t\t\t\t\t\t\t\t\t<img decoding=\"async\" width=\"715\" height=\"1024\" src=\"https:\/\/rotarysete-doyen.org\/wp-content\/uploads\/2025\/04\/Capture-decran-2025-04-14-a-08.43.01-715x1024.png\" class=\"attachment-large size-large wp-image-2553\" alt=\"\" srcset=\"https:\/\/rotarysete-doyen.org\/wp-content\/uploads\/2025\/04\/Capture-decran-2025-04-14-a-08.43.01-715x1024.png 715w, https:\/\/rotarysete-doyen.org\/wp-content\/uploads\/2025\/04\/Capture-decran-2025-04-14-a-08.43.01-209x300.png 209w, https:\/\/rotarysete-doyen.org\/wp-content\/uploads\/2025\/04\/Capture-decran-2025-04-14-a-08.43.01-768x1100.png 768w, https:\/\/rotarysete-doyen.org\/wp-content\/uploads\/2025\/04\/Capture-decran-2025-04-14-a-08.43.01-1073x1536.png 1073w, https:\/\/rotarysete-doyen.org\/wp-content\/uploads\/2025\/04\/Capture-decran-2025-04-14-a-08.43.01.png 1370w\" sizes=\"(max-width: 715px) 100vw, 715px\" \/>\t\t\t\t\t\t\t\t\t\t\t\t\t\t\t<\/div>\n\t\t\t\t<\/div>\n\t\t\t\t\t<\/div>\n\t\t<\/div>\n\t\t\t\t\t<\/div>\n\t\t<\/section>\n\t\t\t\t<\/div>\n\t\t","protected":false},"excerpt":{"rendered":"<p>En 2025, ann\u00e9e marqu\u00e9e par ses 94 ans d\u2019existence, le [&hellip;]<\/p>\n","protected":false},"author":1,"featured_media":2560,"comment_status":"open","ping_status":"open","sticky":false,"template":"","format":"standard","meta":{"site-sidebar-layout":"default","site-content-layout":"","ast-site-content-layout":"default","site-content-style":"default","site-sidebar-style":"default","ast-global-header-display":"","ast-banner-title-visibility":"","ast-main-header-display":"","ast-hfb-above-header-display":"","ast-hfb-below-header-display":"","ast-hfb-mobile-header-display":"","site-post-title":"","ast-breadcrumbs-content":"","ast-featured-img":"","footer-sml-layout":"","ast-disable-related-posts":"","theme-transparent-header-meta":"","adv-header-id-meta":"","stick-header-meta":"","header-above-stick-meta":"","header-main-stick-meta":"","header-below-stick-meta":"","astra-migrate-meta-layouts":"set","ast-page-background-enabled":"default","ast-page-background-meta":{"desktop":{"background-color":"var(--ast-global-color-4)","background-image":"","background-repeat":"repeat","background-position":"center center","background-size":"auto","background-attachment":"scroll","background-type":"","background-media":"","overlay-type":"","overlay-color":"","overlay-opacity":"","overlay-gradient":""},"tablet":{"background-color":"","background-image":"","background-repeat":"repeat","background-position":"center center","background-size":"auto","background-attachment":"scroll","background-type":"","background-media":"","overlay-type":"","overlay-color":"","overlay-opacity":"","overlay-gradient":""},"mobile":{"background-color":"","background-image":"","background-repeat":"repeat","background-position":"center center","background-size":"auto","background-attachment":"scroll","background-type":"","background-media":"","overlay-type":"","overlay-color":"","overlay-opacity":"","overlay-gradient":""}},"ast-content-background-meta":{"desktop":{"background-color":"var(--ast-global-color-5)","background-image":"","background-repeat":"repeat","background-position":"center center","background-size":"auto","background-attachment":"scroll","background-type":"","background-media":"","overlay-type":"","overlay-color":"","overlay-opacity":"","overlay-gradient":""},"tablet":{"background-color":"var(--ast-global-color-5)","background-image":"","background-repeat":"repeat","background-position":"center center","background-size":"auto","background-attachment":"scroll","background-type":"","background-media":"","overlay-type":"","overlay-color":"","overlay-opacity":"","overlay-gradient":""},"mobile":{"background-color":"var(--ast-global-color-5)","background-image":"","background-repeat":"repeat","background-position":"center center","background-size":"auto","background-attachment":"scroll","background-type":"","background-media":"","overlay-type":"","overlay-color":"","overlay-opacity":"","overlay-gradient":""}},"footnotes":""},"categories":[9],"tags":[],"class_list":["post-2550","post","type-post","status-publish","format-standard","has-post-thumbnail","hentry","category-bonne-action"],"yoast_head":"<!-- This site is optimized with the Yoast SEO plugin v27.5 - https:\/\/yoast.com\/product\/yoast-seo-wordpress\/ -->\n<title>Espoir en t\u00eate 2025<\/title>\n<meta name=\"description\" content=\"Retour en images sur l\u2019action Espoir en T\u00eate : engagement fort pour la recherche sur le cerveau. Avant-premi\u00e8re du film &quot;Des jours meilleurs&quot;\" \/>\n<meta name=\"robots\" content=\"index, follow, max-snippet:-1, max-image-preview:large, max-video-preview:-1\" \/>\n<link rel=\"canonical\" href=\"https:\/\/rotarysete-doyen.org\/?p=2550\" \/>\n<meta property=\"og:locale\" content=\"fr_FR\" \/>\n<meta property=\"og:type\" content=\"article\" \/>\n<meta property=\"og:title\" content=\"Espoir en t\u00eate 2025\" \/>\n<meta property=\"og:description\" content=\"Retour en images sur l\u2019action Espoir en T\u00eate : engagement fort pour la recherche sur le cerveau. Avant-premi\u00e8re du film &quot;Des jours meilleurs&quot;\" \/>\n<meta property=\"og:url\" content=\"https:\/\/rotarysete-doyen.org\/?p=2550\" \/>\n<meta property=\"og:site_name\" content=\"rotarysete-doyen\" \/>\n<meta property=\"article:published_time\" content=\"2025-04-14T06:41:30+00:00\" \/>\n<meta property=\"article:modified_time\" content=\"2025-04-14T06:53:45+00:00\" \/>\n<meta property=\"og:image\" content=\"https:\/\/rotarysete-doyen.org\/wp-content\/uploads\/2025\/04\/vignette-NOS-ACTIONS.jpg\" \/>\n\t<meta property=\"og:image:width\" content=\"2000\" \/>\n\t<meta property=\"og:image:height\" content=\"1250\" \/>\n\t<meta property=\"og:image:type\" content=\"image\/jpeg\" \/>\n<meta name=\"author\" content=\"admin\" \/>\n<meta name=\"twitter:card\" content=\"summary_large_image\" \/>\n<meta name=\"twitter:label1\" content=\"\u00c9crit par\" \/>\n\t<meta name=\"twitter:data1\" content=\"admin\" \/>\n\t<meta name=\"twitter:label2\" content=\"Dur\u00e9e de lecture estim\u00e9e\" \/>\n\t<meta name=\"twitter:data2\" content=\"2 minutes\" \/>\n<script type=\"application\/ld+json\" class=\"yoast-schema-graph\">{\"@context\":\"https:\\\/\\\/schema.org\",\"@graph\":[{\"@type\":\"Article\",\"@id\":\"https:\\\/\\\/rotarysete-doyen.org\\\/?p=2550#article\",\"isPartOf\":{\"@id\":\"https:\\\/\\\/rotarysete-doyen.org\\\/?p=2550\"},\"author\":{\"name\":\"admin\",\"@id\":\"https:\\\/\\\/rotarysete-doyen.org\\\/#\\\/schema\\\/person\\\/9e72a67016192ce28bacfac9304acf1b\"},\"headline\":\"Le Rotary Club Doyen lance ses tirelires dans les commerces\",\"datePublished\":\"2025-04-14T06:41:30+00:00\",\"dateModified\":\"2025-04-14T06:53:45+00:00\",\"mainEntityOfPage\":{\"@id\":\"https:\\\/\\\/rotarysete-doyen.org\\\/?p=2550\"},\"wordCount\":266,\"commentCount\":0,\"publisher\":{\"@id\":\"https:\\\/\\\/rotarysete-doyen.org\\\/#organization\"},\"image\":{\"@id\":\"https:\\\/\\\/rotarysete-doyen.org\\\/?p=2550#primaryimage\"},\"thumbnailUrl\":\"https:\\\/\\\/rotarysete-doyen.org\\\/wp-content\\\/uploads\\\/2025\\\/04\\\/vignette-NOS-ACTIONS.jpg\",\"articleSection\":[\"Bonne action\"],\"inLanguage\":\"fr-FR\",\"potentialAction\":[{\"@type\":\"CommentAction\",\"name\":\"Comment\",\"target\":[\"https:\\\/\\\/rotarysete-doyen.org\\\/?p=2550#respond\"]}]},{\"@type\":\"WebPage\",\"@id\":\"https:\\\/\\\/rotarysete-doyen.org\\\/?p=2550\",\"url\":\"https:\\\/\\\/rotarysete-doyen.org\\\/?p=2550\",\"name\":\"Espoir en t\u00eate 2025\",\"isPartOf\":{\"@id\":\"https:\\\/\\\/rotarysete-doyen.org\\\/#website\"},\"primaryImageOfPage\":{\"@id\":\"https:\\\/\\\/rotarysete-doyen.org\\\/?p=2550#primaryimage\"},\"image\":{\"@id\":\"https:\\\/\\\/rotarysete-doyen.org\\\/?p=2550#primaryimage\"},\"thumbnailUrl\":\"https:\\\/\\\/rotarysete-doyen.org\\\/wp-content\\\/uploads\\\/2025\\\/04\\\/vignette-NOS-ACTIONS.jpg\",\"datePublished\":\"2025-04-14T06:41:30+00:00\",\"dateModified\":\"2025-04-14T06:53:45+00:00\",\"description\":\"Retour en images sur l\u2019action Espoir en T\u00eate : engagement fort pour la recherche sur le cerveau. Avant-premi\u00e8re du film \\\"Des jours meilleurs\\\"\",\"breadcrumb\":{\"@id\":\"https:\\\/\\\/rotarysete-doyen.org\\\/?p=2550#breadcrumb\"},\"inLanguage\":\"fr-FR\",\"potentialAction\":[{\"@type\":\"ReadAction\",\"target\":[\"https:\\\/\\\/rotarysete-doyen.org\\\/?p=2550\"]}]},{\"@type\":\"ImageObject\",\"inLanguage\":\"fr-FR\",\"@id\":\"https:\\\/\\\/rotarysete-doyen.org\\\/?p=2550#primaryimage\",\"url\":\"https:\\\/\\\/rotarysete-doyen.org\\\/wp-content\\\/uploads\\\/2025\\\/04\\\/vignette-NOS-ACTIONS.jpg\",\"contentUrl\":\"https:\\\/\\\/rotarysete-doyen.org\\\/wp-content\\\/uploads\\\/2025\\\/04\\\/vignette-NOS-ACTIONS.jpg\",\"width\":2000,\"height\":1250},{\"@type\":\"BreadcrumbList\",\"@id\":\"https:\\\/\\\/rotarysete-doyen.org\\\/?p=2550#breadcrumb\",\"itemListElement\":[{\"@type\":\"ListItem\",\"position\":1,\"name\":\"Accueil\",\"item\":\"https:\\\/\\\/rotarysete-doyen.org\\\/\"},{\"@type\":\"ListItem\",\"position\":2,\"name\":\"Le Rotary Club Doyen lance ses tirelires dans les commerces\"}]},{\"@type\":\"WebSite\",\"@id\":\"https:\\\/\\\/rotarysete-doyen.org\\\/#website\",\"url\":\"https:\\\/\\\/rotarysete-doyen.org\\\/\",\"name\":\"rotarysete-doyen\",\"description\":\"\",\"publisher\":{\"@id\":\"https:\\\/\\\/rotarysete-doyen.org\\\/#organization\"},\"potentialAction\":[{\"@type\":\"SearchAction\",\"target\":{\"@type\":\"EntryPoint\",\"urlTemplate\":\"https:\\\/\\\/rotarysete-doyen.org\\\/?s={search_term_string}\"},\"query-input\":{\"@type\":\"PropertyValueSpecification\",\"valueRequired\":true,\"valueName\":\"search_term_string\"}}],\"inLanguage\":\"fr-FR\"},{\"@type\":\"Organization\",\"@id\":\"https:\\\/\\\/rotarysete-doyen.org\\\/#organization\",\"name\":\"rotarysete-doyen\",\"url\":\"https:\\\/\\\/rotarysete-doyen.org\\\/\",\"logo\":{\"@type\":\"ImageObject\",\"inLanguage\":\"fr-FR\",\"@id\":\"https:\\\/\\\/rotarysete-doyen.org\\\/#\\\/schema\\\/logo\\\/image\\\/\",\"url\":\"https:\\\/\\\/rotarysete-doyen.org\\\/wp-content\\\/uploads\\\/2023\\\/01\\\/logo-rotary-_Plan-de-travail-1-scaled.png\",\"contentUrl\":\"https:\\\/\\\/rotarysete-doyen.org\\\/wp-content\\\/uploads\\\/2023\\\/01\\\/logo-rotary-_Plan-de-travail-1-scaled.png\",\"width\":2560,\"height\":601,\"caption\":\"rotarysete-doyen\"},\"image\":{\"@id\":\"https:\\\/\\\/rotarysete-doyen.org\\\/#\\\/schema\\\/logo\\\/image\\\/\"}},{\"@type\":\"Person\",\"@id\":\"https:\\\/\\\/rotarysete-doyen.org\\\/#\\\/schema\\\/person\\\/9e72a67016192ce28bacfac9304acf1b\",\"name\":\"admin\",\"image\":{\"@type\":\"ImageObject\",\"inLanguage\":\"fr-FR\",\"@id\":\"https:\\\/\\\/secure.gravatar.com\\\/avatar\\\/0bbb5765594baaa323b58b57926b3d7976708f18854390fef40c88a59647f3b8?s=96&d=mm&r=g\",\"url\":\"https:\\\/\\\/secure.gravatar.com\\\/avatar\\\/0bbb5765594baaa323b58b57926b3d7976708f18854390fef40c88a59647f3b8?s=96&d=mm&r=g\",\"contentUrl\":\"https:\\\/\\\/secure.gravatar.com\\\/avatar\\\/0bbb5765594baaa323b58b57926b3d7976708f18854390fef40c88a59647f3b8?s=96&d=mm&r=g\",\"caption\":\"admin\"},\"sameAs\":[\"https:\\\/\\\/rotarysete-doyen.org\"],\"url\":\"https:\\\/\\\/rotarysete-doyen.org\\\/?author=1\"}]}<\/script>\n<!-- \/ Yoast SEO plugin. -->","yoast_head_json":{"title":"Espoir en t\u00eate 2025","description":"Retour en images sur l\u2019action Espoir en T\u00eate : engagement fort pour la recherche sur le cerveau. Avant-premi\u00e8re du film \"Des jours meilleurs\"","robots":{"index":"index","follow":"follow","max-snippet":"max-snippet:-1","max-image-preview":"max-image-preview:large","max-video-preview":"max-video-preview:-1"},"canonical":"https:\/\/rotarysete-doyen.org\/?p=2550","og_locale":"fr_FR","og_type":"article","og_title":"Espoir en t\u00eate 2025","og_description":"Retour en images sur l\u2019action Espoir en T\u00eate : engagement fort pour la recherche sur le cerveau. Avant-premi\u00e8re du film \"Des jours meilleurs\"","og_url":"https:\/\/rotarysete-doyen.org\/?p=2550","og_site_name":"rotarysete-doyen","article_published_time":"2025-04-14T06:41:30+00:00","article_modified_time":"2025-04-14T06:53:45+00:00","og_image":[{"width":2000,"height":1250,"url":"https:\/\/rotarysete-doyen.org\/wp-content\/uploads\/2025\/04\/vignette-NOS-ACTIONS.jpg","type":"image\/jpeg"}],"author":"admin","twitter_card":"summary_large_image","twitter_misc":{"\u00c9crit par":"admin","Dur\u00e9e de lecture estim\u00e9e":"2 minutes"},"schema":{"@context":"https:\/\/schema.org","@graph":[{"@type":"Article","@id":"https:\/\/rotarysete-doyen.org\/?p=2550#article","isPartOf":{"@id":"https:\/\/rotarysete-doyen.org\/?p=2550"},"author":{"name":"admin","@id":"https:\/\/rotarysete-doyen.org\/#\/schema\/person\/9e72a67016192ce28bacfac9304acf1b"},"headline":"Le Rotary Club Doyen lance ses tirelires dans les commerces","datePublished":"2025-04-14T06:41:30+00:00","dateModified":"2025-04-14T06:53:45+00:00","mainEntityOfPage":{"@id":"https:\/\/rotarysete-doyen.org\/?p=2550"},"wordCount":266,"commentCount":0,"publisher":{"@id":"https:\/\/rotarysete-doyen.org\/#organization"},"image":{"@id":"https:\/\/rotarysete-doyen.org\/?p=2550#primaryimage"},"thumbnailUrl":"https:\/\/rotarysete-doyen.org\/wp-content\/uploads\/2025\/04\/vignette-NOS-ACTIONS.jpg","articleSection":["Bonne action"],"inLanguage":"fr-FR","potentialAction":[{"@type":"CommentAction","name":"Comment","target":["https:\/\/rotarysete-doyen.org\/?p=2550#respond"]}]},{"@type":"WebPage","@id":"https:\/\/rotarysete-doyen.org\/?p=2550","url":"https:\/\/rotarysete-doyen.org\/?p=2550","name":"Espoir en t\u00eate 2025","isPartOf":{"@id":"https:\/\/rotarysete-doyen.org\/#website"},"primaryImageOfPage":{"@id":"https:\/\/rotarysete-doyen.org\/?p=2550#primaryimage"},"image":{"@id":"https:\/\/rotarysete-doyen.org\/?p=2550#primaryimage"},"thumbnailUrl":"https:\/\/rotarysete-doyen.org\/wp-content\/uploads\/2025\/04\/vignette-NOS-ACTIONS.jpg","datePublished":"2025-04-14T06:41:30+00:00","dateModified":"2025-04-14T06:53:45+00:00","description":"Retour en images sur l\u2019action Espoir en T\u00eate : engagement fort pour la recherche sur le cerveau. Avant-premi\u00e8re du film \"Des jours meilleurs\"","breadcrumb":{"@id":"https:\/\/rotarysete-doyen.org\/?p=2550#breadcrumb"},"inLanguage":"fr-FR","potentialAction":[{"@type":"ReadAction","target":["https:\/\/rotarysete-doyen.org\/?p=2550"]}]},{"@type":"ImageObject","inLanguage":"fr-FR","@id":"https:\/\/rotarysete-doyen.org\/?p=2550#primaryimage","url":"https:\/\/rotarysete-doyen.org\/wp-content\/uploads\/2025\/04\/vignette-NOS-ACTIONS.jpg","contentUrl":"https:\/\/rotarysete-doyen.org\/wp-content\/uploads\/2025\/04\/vignette-NOS-ACTIONS.jpg","width":2000,"height":1250},{"@type":"BreadcrumbList","@id":"https:\/\/rotarysete-doyen.org\/?p=2550#breadcrumb","itemListElement":[{"@type":"ListItem","position":1,"name":"Accueil","item":"https:\/\/rotarysete-doyen.org\/"},{"@type":"ListItem","position":2,"name":"Le Rotary Club Doyen lance ses tirelires dans les commerces"}]},{"@type":"WebSite","@id":"https:\/\/rotarysete-doyen.org\/#website","url":"https:\/\/rotarysete-doyen.org\/","name":"rotarysete-doyen","description":"","publisher":{"@id":"https:\/\/rotarysete-doyen.org\/#organization"},"potentialAction":[{"@type":"SearchAction","target":{"@type":"EntryPoint","urlTemplate":"https:\/\/rotarysete-doyen.org\/?s={search_term_string}"},"query-input":{"@type":"PropertyValueSpecification","valueRequired":true,"valueName":"search_term_string"}}],"inLanguage":"fr-FR"},{"@type":"Organization","@id":"https:\/\/rotarysete-doyen.org\/#organization","name":"rotarysete-doyen","url":"https:\/\/rotarysete-doyen.org\/","logo":{"@type":"ImageObject","inLanguage":"fr-FR","@id":"https:\/\/rotarysete-doyen.org\/#\/schema\/logo\/image\/","url":"https:\/\/rotarysete-doyen.org\/wp-content\/uploads\/2023\/01\/logo-rotary-_Plan-de-travail-1-scaled.png","contentUrl":"https:\/\/rotarysete-doyen.org\/wp-content\/uploads\/2023\/01\/logo-rotary-_Plan-de-travail-1-scaled.png","width":2560,"height":601,"caption":"rotarysete-doyen"},"image":{"@id":"https:\/\/rotarysete-doyen.org\/#\/schema\/logo\/image\/"}},{"@type":"Person","@id":"https:\/\/rotarysete-doyen.org\/#\/schema\/person\/9e72a67016192ce28bacfac9304acf1b","name":"admin","image":{"@type":"ImageObject","inLanguage":"fr-FR","@id":"https:\/\/secure.gravatar.com\/avatar\/0bbb5765594baaa323b58b57926b3d7976708f18854390fef40c88a59647f3b8?s=96&d=mm&r=g","url":"https:\/\/secure.gravatar.com\/avatar\/0bbb5765594baaa323b58b57926b3d7976708f18854390fef40c88a59647f3b8?s=96&d=mm&r=g","contentUrl":"https:\/\/secure.gravatar.com\/avatar\/0bbb5765594baaa323b58b57926b3d7976708f18854390fef40c88a59647f3b8?s=96&d=mm&r=g","caption":"admin"},"sameAs":["https:\/\/rotarysete-doyen.org"],"url":"https:\/\/rotarysete-doyen.org\/?author=1"}]}},"_links":{"self":[{"href":"https:\/\/rotarysete-doyen.org\/index.php?rest_route=\/wp\/v2\/posts\/2550","targetHints":{"allow":["GET"]}}],"collection":[{"href":"https:\/\/rotarysete-doyen.org\/index.php?rest_route=\/wp\/v2\/posts"}],"about":[{"href":"https:\/\/rotarysete-doyen.org\/index.php?rest_route=\/wp\/v2\/types\/post"}],"author":[{"embeddable":true,"href":"https:\/\/rotarysete-doyen.org\/index.php?rest_route=\/wp\/v2\/users\/1"}],"replies":[{"embeddable":true,"href":"https:\/\/rotarysete-doyen.org\/index.php?rest_route=%2Fwp%2Fv2%2Fcomments&post=2550"}],"version-history":[{"count":10,"href":"https:\/\/rotarysete-doyen.org\/index.php?rest_route=\/wp\/v2\/posts\/2550\/revisions"}],"predecessor-version":[{"id":2563,"href":"https:\/\/rotarysete-doyen.org\/index.php?rest_route=\/wp\/v2\/posts\/2550\/revisions\/2563"}],"wp:featuredmedia":[{"embeddable":true,"href":"https:\/\/rotarysete-doyen.org\/index.php?rest_route=\/wp\/v2\/media\/2560"}],"wp:attachment":[{"href":"https:\/\/rotarysete-doyen.org\/index.php?rest_route=%2Fwp%2Fv2%2Fmedia&parent=2550"}],"wp:term":[{"taxonomy":"category","embeddable":true,"href":"https:\/\/rotarysete-doyen.org\/index.php?rest_route=%2Fwp%2Fv2%2Fcategories&post=2550"},{"taxonomy":"post_tag","embeddable":true,"href":"https:\/\/rotarysete-doyen.org\/index.php?rest_route=%2Fwp%2Fv2%2Ftags&post=2550"}],"curies":[{"name":"wp","href":"https:\/\/api.w.org\/{rel}","templated":true}]}}