{"id":2565,"date":"2025-04-28T07:42:34","date_gmt":"2025-04-28T07:42:34","guid":{"rendered":"https:\/\/rotarysete-doyen.org\/?p=2565"},"modified":"2025-04-28T08:04:27","modified_gmt":"2025-04-28T08:04:27","slug":"le-rotary-sete-doyen-renouvelle-son-soutien-a-lassociation-france-colombia","status":"publish","type":"post","link":"https:\/\/rotarysete-doyen.org\/?p=2565","title":{"rendered":"Le Rotary S\u00e8te Doyen renouvelle son soutien \u00e0 l\u2019association France Colombia"},"content":{"rendered":"\t\t<div data-elementor-type=\"wp-post\" data-elementor-id=\"2565\" class=\"elementor elementor-2565\">\n\t\t\t\t\t\t<section class=\"elementor-section elementor-top-section elementor-element elementor-element-3264779 elementor-section-boxed elementor-section-height-default elementor-section-height-default\" data-id=\"3264779\" data-element_type=\"section\" data-e-type=\"section\">\n\t\t\t\t\t\t<div class=\"elementor-container elementor-column-gap-default\">\n\t\t\t\t\t<div class=\"elementor-column elementor-col-100 elementor-top-column elementor-element elementor-element-d0c2a1d\" data-id=\"d0c2a1d\" data-element_type=\"column\" data-e-type=\"column\">\n\t\t\t<div class=\"elementor-widget-wrap elementor-element-populated\">\n\t\t\t\t\t\t<div class=\"elementor-element elementor-element-f4dd0ec elementor-widget elementor-widget-text-editor\" data-id=\"f4dd0ec\" data-element_type=\"widget\" data-e-type=\"widget\" data-widget_type=\"text-editor.default\">\n\t\t\t\t<div class=\"elementor-widget-container\">\n\t\t\t\t\t\t\t\t\t<p class=\"\" data-start=\"162\" data-end=\"484\">Comme chaque ann\u00e9e depuis trois ans, notre club Rotary S\u00e8te Doyen a eu l\u2019immense plaisir de renouveler son engagement solidaire envers l\u2019association <strong data-start=\"311\" data-end=\"330\">France Colombia<\/strong>.<br data-start=\"331\" data-end=\"334\" \/>Le 17 avril 2025, un don de <strong data-start=\"362\" data-end=\"371\">500 \u20ac<\/strong> a \u00e9t\u00e9 remis \u00e0 sa pr\u00e9sidente, <strong data-start=\"401\" data-end=\"423\">Sylvie Marcailloux<\/strong>, lors d&rsquo;une rencontre empreinte de g\u00e9n\u00e9rosit\u00e9 et d&rsquo;humanit\u00e9.<\/p><p class=\"\" data-start=\"486\" data-end=\"952\">\u00a0<\/p>\t\t\t\t\t\t\t\t<\/div>\n\t\t\t\t<\/div>\n\t\t\t\t\t<\/div>\n\t\t<\/div>\n\t\t\t\t\t<\/div>\n\t\t<\/section>\n\t\t\t\t<section class=\"elementor-section elementor-top-section elementor-element elementor-element-43e807b elementor-section-boxed elementor-section-height-default elementor-section-height-default\" data-id=\"43e807b\" data-element_type=\"section\" data-e-type=\"section\">\n\t\t\t\t\t\t<div class=\"elementor-container elementor-column-gap-default\">\n\t\t\t\t\t<div class=\"elementor-column elementor-col-100 elementor-top-column elementor-element elementor-element-ba1ed3d\" data-id=\"ba1ed3d\" data-element_type=\"column\" data-e-type=\"column\">\n\t\t\t<div class=\"elementor-widget-wrap elementor-element-populated\">\n\t\t\t\t\t\t<div class=\"elementor-element elementor-element-eb1721e elementor-widget elementor-widget-image\" data-id=\"eb1721e\" data-element_type=\"widget\" data-e-type=\"widget\" data-widget_type=\"image.default\">\n\t\t\t\t<div class=\"elementor-widget-container\">\n\t\t\t\t\t\t\t\t\t\t\t\t\t\t\t<img fetchpriority=\"high\" decoding=\"async\" width=\"1024\" height=\"1024\" src=\"https:\/\/rotarysete-doyen.org\/wp-content\/uploads\/2025\/04\/VISUEL-ROTARY-CLUB-1-1024x1024.jpg\" class=\"attachment-large size-large wp-image-2570\" alt=\"\" srcset=\"https:\/\/rotarysete-doyen.org\/wp-content\/uploads\/2025\/04\/VISUEL-ROTARY-CLUB-1-1024x1024.jpg 1024w, https:\/\/rotarysete-doyen.org\/wp-content\/uploads\/2025\/04\/VISUEL-ROTARY-CLUB-1-300x300.jpg 300w, https:\/\/rotarysete-doyen.org\/wp-content\/uploads\/2025\/04\/VISUEL-ROTARY-CLUB-1-150x150.jpg 150w, https:\/\/rotarysete-doyen.org\/wp-content\/uploads\/2025\/04\/VISUEL-ROTARY-CLUB-1-768x768.jpg 768w, https:\/\/rotarysete-doyen.org\/wp-content\/uploads\/2025\/04\/VISUEL-ROTARY-CLUB-1.jpg 1080w\" sizes=\"(max-width: 1024px) 100vw, 1024px\" \/>\t\t\t\t\t\t\t\t\t\t\t\t\t\t\t<\/div>\n\t\t\t\t<\/div>\n\t\t\t\t\t<\/div>\n\t\t<\/div>\n\t\t\t\t\t<\/div>\n\t\t<\/section>\n\t\t\t\t<section class=\"elementor-section elementor-top-section elementor-element elementor-element-bc595de elementor-section-boxed elementor-section-height-default elementor-section-height-default\" data-id=\"bc595de\" data-element_type=\"section\" data-e-type=\"section\">\n\t\t\t\t\t\t<div class=\"elementor-container elementor-column-gap-default\">\n\t\t\t\t\t<div class=\"elementor-column elementor-col-100 elementor-top-column elementor-element elementor-element-32cf36c\" data-id=\"32cf36c\" data-element_type=\"column\" data-e-type=\"column\">\n\t\t\t<div class=\"elementor-widget-wrap elementor-element-populated\">\n\t\t\t\t\t\t<div class=\"elementor-element elementor-element-340ed32 elementor-widget elementor-widget-text-editor\" data-id=\"340ed32\" data-element_type=\"widget\" data-e-type=\"widget\" data-widget_type=\"text-editor.default\">\n\t\t\t\t<div class=\"elementor-widget-container\">\n\t\t\t\t\t\t\t\t\t<p class=\"\" data-start=\"162\" data-end=\"484\">Chaque \u00e9t\u00e9, depuis de nombreuses ann\u00e9es, Sylvie Marcailloux consacre cinq semaines de ses vacances \u00e0 la Colombie, un pays auquel elle est profond\u00e9ment li\u00e9e : c&rsquo;est l\u00e0-bas, en 2000, qu&rsquo;elle a eu la chance d\u2019adopter sa fille. Depuis, en t\u00e9moignage de gratitude, elle retourne chaque ann\u00e9e tel un \u00ab\u00a0P\u00e8re No\u00ebl d\u2019\u00e9t\u00e9\u00a0\u00bb, charg\u00e9e de <strong data-start=\"810\" data-end=\"834\">six valises de 33 kg<\/strong> pleines de dons essentiels : <strong data-start=\"864\" data-end=\"930\">denr\u00e9es alimentaires, v\u00eatements, jouets, fournitures scolaires<\/strong>, et bien plus encore.<\/p><p class=\"\" data-start=\"486\" data-end=\"952\">Sylvie intervient dans des <strong data-start=\"981\" data-end=\"999\">\u00e9coles rurales<\/strong>, aupr\u00e8s de <strong data-start=\"1011\" data-end=\"1043\">familles en grande pr\u00e9carit\u00e9<\/strong>, dont certaines issues de communaut\u00e9s indig\u00e8nes. Gr\u00e2ce \u00e0 ses actions concr\u00e8tes, elle apporte du r\u00e9confort, de l&rsquo;espoir et contribue directement \u00e0 l&rsquo;am\u00e9lioration des conditions de vie de plusieurs centaines d&rsquo;enfants et de mamans.<\/p>\t\t\t\t\t\t\t\t<\/div>\n\t\t\t\t<\/div>\n\t\t\t\t\t<\/div>\n\t\t<\/div>\n\t\t\t\t\t<\/div>\n\t\t<\/section>\n\t\t\t\t<section class=\"elementor-section elementor-top-section elementor-element elementor-element-ed5cae1 elementor-section-boxed elementor-section-height-default elementor-section-height-default\" data-id=\"ed5cae1\" data-element_type=\"section\" data-e-type=\"section\">\n\t\t\t\t\t\t<div class=\"elementor-container elementor-column-gap-default\">\n\t\t\t\t\t<div class=\"elementor-column elementor-col-100 elementor-top-column elementor-element elementor-element-661990b\" data-id=\"661990b\" data-element_type=\"column\" data-e-type=\"column\">\n\t\t\t<div class=\"elementor-widget-wrap elementor-element-populated\">\n\t\t\t\t\t\t<div class=\"elementor-element elementor-element-8de7fa8 elementor-widget elementor-widget-image\" data-id=\"8de7fa8\" data-element_type=\"widget\" data-e-type=\"widget\" data-widget_type=\"image.default\">\n\t\t\t\t<div class=\"elementor-widget-container\">\n\t\t\t\t\t\t\t\t\t\t\t\t\t\t\t<img decoding=\"async\" width=\"1024\" height=\"1024\" src=\"https:\/\/rotarysete-doyen.org\/wp-content\/uploads\/2025\/04\/VISUEL-ROTARY-CLUB-1024x1024.jpg\" class=\"attachment-large size-large wp-image-2569\" alt=\"\" srcset=\"https:\/\/rotarysete-doyen.org\/wp-content\/uploads\/2025\/04\/VISUEL-ROTARY-CLUB-1024x1024.jpg 1024w, https:\/\/rotarysete-doyen.org\/wp-content\/uploads\/2025\/04\/VISUEL-ROTARY-CLUB-300x300.jpg 300w, https:\/\/rotarysete-doyen.org\/wp-content\/uploads\/2025\/04\/VISUEL-ROTARY-CLUB-150x150.jpg 150w, https:\/\/rotarysete-doyen.org\/wp-content\/uploads\/2025\/04\/VISUEL-ROTARY-CLUB-768x768.jpg 768w, https:\/\/rotarysete-doyen.org\/wp-content\/uploads\/2025\/04\/VISUEL-ROTARY-CLUB.jpg 1080w\" sizes=\"(max-width: 1024px) 100vw, 1024px\" \/>\t\t\t\t\t\t\t\t\t\t\t\t\t\t\t<\/div>\n\t\t\t\t<\/div>\n\t\t\t\t\t<\/div>\n\t\t<\/div>\n\t\t\t\t\t<\/div>\n\t\t<\/section>\n\t\t\t\t<section class=\"elementor-section elementor-top-section elementor-element elementor-element-2fe8dd5 elementor-section-boxed elementor-section-height-default elementor-section-height-default\" data-id=\"2fe8dd5\" data-element_type=\"section\" data-e-type=\"section\">\n\t\t\t\t\t\t<div class=\"elementor-container elementor-column-gap-default\">\n\t\t\t\t\t<div class=\"elementor-column elementor-col-100 elementor-top-column elementor-element elementor-element-c2a7c7f\" data-id=\"c2a7c7f\" data-element_type=\"column\" data-e-type=\"column\">\n\t\t\t<div class=\"elementor-widget-wrap elementor-element-populated\">\n\t\t\t\t\t\t<div class=\"elementor-element elementor-element-54b9937 elementor-widget elementor-widget-text-editor\" data-id=\"54b9937\" data-element_type=\"widget\" data-e-type=\"widget\" data-widget_type=\"text-editor.default\">\n\t\t\t\t<div class=\"elementor-widget-container\">\n\t\t\t\t\t\t\t\t\t<p class=\"\" data-start=\"1275\" data-end=\"1493\">Pour l&rsquo;\u00e9t\u00e9 2025, son nouveau projet est ambitieux : <strong data-start=\"1327\" data-end=\"1373\">offrir des livres pour enfants en espagnol<\/strong> et <strong data-start=\"1377\" data-end=\"1413\">\u00e9quiper une toute nouvelle \u00e9cole<\/strong> avec des <strong data-start=\"1423\" data-end=\"1448\">tables et des chaises<\/strong> indispensables au bon d\u00e9roulement des cours.<\/p><p class=\"\" data-start=\"1495\" data-end=\"1690\">\u00c0 travers ce partenariat fid\u00e8le, le Rotary S\u00e8te Doyen affirme une fois de plus son engagement en faveur de l&rsquo;\u00e9ducation, de l\u2019entraide internationale et du soutien aux actions solidaires durables.<\/p><p class=\"\" data-start=\"1692\" data-end=\"1840\"><strong data-start=\"1692\" data-end=\"1840\">Nous sommes fiers d\u2019accompagner France Colombia et de contribuer, \u00e0 notre \u00e9chelle, \u00e0 semer des graines d&rsquo;espoir de l&rsquo;autre c\u00f4t\u00e9 de l&rsquo;Atlantique.<\/strong><\/p>\t\t\t\t\t\t\t\t<\/div>\n\t\t\t\t<\/div>\n\t\t\t\t\t<\/div>\n\t\t<\/div>\n\t\t\t\t\t<\/div>\n\t\t<\/section>\n\t\t\t\t<\/div>\n\t\t","protected":false},"excerpt":{"rendered":"<p>Comme chaque ann\u00e9e depuis trois ans, notre club Rotary S\u00e8te [&hellip;]<\/p>\n","protected":false},"author":1,"featured_media":2568,"comment_status":"open","ping_status":"open","sticky":false,"template":"","format":"standard","meta":{"site-sidebar-layout":"default","site-content-layout":"","ast-site-content-layout":"default","site-content-style":"default","site-sidebar-style":"default","ast-global-header-display":"","ast-banner-title-visibility":"","ast-main-header-display":"","ast-hfb-above-header-display":"","ast-hfb-below-header-display":"","ast-hfb-mobile-header-display":"","site-post-title":"","ast-breadcrumbs-content":"","ast-featured-img":"","footer-sml-layout":"","ast-disable-related-posts":"","theme-transparent-header-meta":"","adv-header-id-meta":"","stick-header-meta":"","header-above-stick-meta":"","header-main-stick-meta":"","header-below-stick-meta":"","astra-migrate-meta-layouts":"set","ast-page-background-enabled":"default","ast-page-background-meta":{"desktop":{"background-color":"var(--ast-global-color-4)","background-image":"","background-repeat":"repeat","background-position":"center center","background-size":"auto","background-attachment":"scroll","background-type":"","background-media":"","overlay-type":"","overlay-color":"","overlay-opacity":"","overlay-gradient":""},"tablet":{"background-color":"","background-image":"","background-repeat":"repeat","background-position":"center center","background-size":"auto","background-attachment":"scroll","background-type":"","background-media":"","overlay-type":"","overlay-color":"","overlay-opacity":"","overlay-gradient":""},"mobile":{"background-color":"","background-image":"","background-repeat":"repeat","background-position":"center center","background-size":"auto","background-attachment":"scroll","background-type":"","background-media":"","overlay-type":"","overlay-color":"","overlay-opacity":"","overlay-gradient":""}},"ast-content-background-meta":{"desktop":{"background-color":"var(--ast-global-color-5)","background-image":"","background-repeat":"repeat","background-position":"center center","background-size":"auto","background-attachment":"scroll","background-type":"","background-media":"","overlay-type":"","overlay-color":"","overlay-opacity":"","overlay-gradient":""},"tablet":{"background-color":"var(--ast-global-color-5)","background-image":"","background-repeat":"repeat","background-position":"center center","background-size":"auto","background-attachment":"scroll","background-type":"","background-media":"","overlay-type":"","overlay-color":"","overlay-opacity":"","overlay-gradient":""},"mobile":{"background-color":"var(--ast-global-color-5)","background-image":"","background-repeat":"repeat","background-position":"center center","background-size":"auto","background-attachment":"scroll","background-type":"","background-media":"","overlay-type":"","overlay-color":"","overlay-opacity":"","overlay-gradient":""}},"footnotes":""},"categories":[9],"tags":[],"class_list":["post-2565","post","type-post","status-publish","format-standard","has-post-thumbnail","hentry","category-bonne-action"],"yoast_head":"<!-- This site is optimized with the Yoast SEO plugin v27.5 - https:\/\/yoast.com\/product\/yoast-seo-wordpress\/ -->\n<title>Espoir en t\u00eate 2025<\/title>\n<meta name=\"description\" content=\"Retour en images sur l\u2019action Espoir en T\u00eate : engagement fort pour la recherche sur le cerveau. Avant-premi\u00e8re du film &quot;Des jours meilleurs&quot;\" \/>\n<meta name=\"robots\" content=\"index, follow, max-snippet:-1, max-image-preview:large, max-video-preview:-1\" \/>\n<link rel=\"canonical\" href=\"https:\/\/rotarysete-doyen.org\/?p=2565\" \/>\n<meta property=\"og:locale\" content=\"fr_FR\" \/>\n<meta property=\"og:type\" content=\"article\" \/>\n<meta property=\"og:title\" content=\"Espoir en t\u00eate 2025\" \/>\n<meta property=\"og:description\" content=\"Retour en images sur l\u2019action Espoir en T\u00eate : engagement fort pour la recherche sur le cerveau. Avant-premi\u00e8re du film &quot;Des jours meilleurs&quot;\" \/>\n<meta property=\"og:url\" content=\"https:\/\/rotarysete-doyen.org\/?p=2565\" \/>\n<meta property=\"og:site_name\" content=\"rotarysete-doyen\" \/>\n<meta property=\"article:published_time\" content=\"2025-04-28T07:42:34+00:00\" \/>\n<meta property=\"article:modified_time\" content=\"2025-04-28T08:04:27+00:00\" \/>\n<meta property=\"og:image\" content=\"https:\/\/rotarysete-doyen.org\/wp-content\/uploads\/2025\/04\/vignette-NOS-ACTIONS-1.jpg\" \/>\n\t<meta property=\"og:image:width\" content=\"2000\" \/>\n\t<meta property=\"og:image:height\" content=\"1250\" \/>\n\t<meta property=\"og:image:type\" content=\"image\/jpeg\" \/>\n<meta name=\"author\" content=\"admin\" \/>\n<meta name=\"twitter:card\" content=\"summary_large_image\" \/>\n<meta name=\"twitter:label1\" content=\"\u00c9crit par\" \/>\n\t<meta name=\"twitter:data1\" content=\"admin\" \/>\n\t<meta name=\"twitter:label2\" content=\"Dur\u00e9e de lecture estim\u00e9e\" \/>\n\t<meta name=\"twitter:data2\" content=\"2 minutes\" \/>\n<script type=\"application\/ld+json\" class=\"yoast-schema-graph\">{\"@context\":\"https:\\\/\\\/schema.org\",\"@graph\":[{\"@type\":\"Article\",\"@id\":\"https:\\\/\\\/rotarysete-doyen.org\\\/?p=2565#article\",\"isPartOf\":{\"@id\":\"https:\\\/\\\/rotarysete-doyen.org\\\/?p=2565\"},\"author\":{\"name\":\"admin\",\"@id\":\"https:\\\/\\\/rotarysete-doyen.org\\\/#\\\/schema\\\/person\\\/9e72a67016192ce28bacfac9304acf1b\"},\"headline\":\"Le Rotary S\u00e8te Doyen renouvelle son soutien \u00e0 l\u2019association France Colombia\",\"datePublished\":\"2025-04-28T07:42:34+00:00\",\"dateModified\":\"2025-04-28T08:04:27+00:00\",\"mainEntityOfPage\":{\"@id\":\"https:\\\/\\\/rotarysete-doyen.org\\\/?p=2565\"},\"wordCount\":284,\"commentCount\":0,\"publisher\":{\"@id\":\"https:\\\/\\\/rotarysete-doyen.org\\\/#organization\"},\"image\":{\"@id\":\"https:\\\/\\\/rotarysete-doyen.org\\\/?p=2565#primaryimage\"},\"thumbnailUrl\":\"https:\\\/\\\/rotarysete-doyen.org\\\/wp-content\\\/uploads\\\/2025\\\/04\\\/vignette-NOS-ACTIONS-1.jpg\",\"articleSection\":[\"Bonne action\"],\"inLanguage\":\"fr-FR\",\"potentialAction\":[{\"@type\":\"CommentAction\",\"name\":\"Comment\",\"target\":[\"https:\\\/\\\/rotarysete-doyen.org\\\/?p=2565#respond\"]}]},{\"@type\":\"WebPage\",\"@id\":\"https:\\\/\\\/rotarysete-doyen.org\\\/?p=2565\",\"url\":\"https:\\\/\\\/rotarysete-doyen.org\\\/?p=2565\",\"name\":\"Espoir en t\u00eate 2025\",\"isPartOf\":{\"@id\":\"https:\\\/\\\/rotarysete-doyen.org\\\/#website\"},\"primaryImageOfPage\":{\"@id\":\"https:\\\/\\\/rotarysete-doyen.org\\\/?p=2565#primaryimage\"},\"image\":{\"@id\":\"https:\\\/\\\/rotarysete-doyen.org\\\/?p=2565#primaryimage\"},\"thumbnailUrl\":\"https:\\\/\\\/rotarysete-doyen.org\\\/wp-content\\\/uploads\\\/2025\\\/04\\\/vignette-NOS-ACTIONS-1.jpg\",\"datePublished\":\"2025-04-28T07:42:34+00:00\",\"dateModified\":\"2025-04-28T08:04:27+00:00\",\"description\":\"Retour en images sur l\u2019action Espoir en T\u00eate : engagement fort pour la recherche sur le cerveau. Avant-premi\u00e8re du film \\\"Des jours meilleurs\\\"\",\"breadcrumb\":{\"@id\":\"https:\\\/\\\/rotarysete-doyen.org\\\/?p=2565#breadcrumb\"},\"inLanguage\":\"fr-FR\",\"potentialAction\":[{\"@type\":\"ReadAction\",\"target\":[\"https:\\\/\\\/rotarysete-doyen.org\\\/?p=2565\"]}]},{\"@type\":\"ImageObject\",\"inLanguage\":\"fr-FR\",\"@id\":\"https:\\\/\\\/rotarysete-doyen.org\\\/?p=2565#primaryimage\",\"url\":\"https:\\\/\\\/rotarysete-doyen.org\\\/wp-content\\\/uploads\\\/2025\\\/04\\\/vignette-NOS-ACTIONS-1.jpg\",\"contentUrl\":\"https:\\\/\\\/rotarysete-doyen.org\\\/wp-content\\\/uploads\\\/2025\\\/04\\\/vignette-NOS-ACTIONS-1.jpg\",\"width\":2000,\"height\":1250},{\"@type\":\"BreadcrumbList\",\"@id\":\"https:\\\/\\\/rotarysete-doyen.org\\\/?p=2565#breadcrumb\",\"itemListElement\":[{\"@type\":\"ListItem\",\"position\":1,\"name\":\"Accueil\",\"item\":\"https:\\\/\\\/rotarysete-doyen.org\\\/\"},{\"@type\":\"ListItem\",\"position\":2,\"name\":\"Le Rotary S\u00e8te Doyen renouvelle son soutien \u00e0 l\u2019association France Colombia\"}]},{\"@type\":\"WebSite\",\"@id\":\"https:\\\/\\\/rotarysete-doyen.org\\\/#website\",\"url\":\"https:\\\/\\\/rotarysete-doyen.org\\\/\",\"name\":\"rotarysete-doyen\",\"description\":\"\",\"publisher\":{\"@id\":\"https:\\\/\\\/rotarysete-doyen.org\\\/#organization\"},\"potentialAction\":[{\"@type\":\"SearchAction\",\"target\":{\"@type\":\"EntryPoint\",\"urlTemplate\":\"https:\\\/\\\/rotarysete-doyen.org\\\/?s={search_term_string}\"},\"query-input\":{\"@type\":\"PropertyValueSpecification\",\"valueRequired\":true,\"valueName\":\"search_term_string\"}}],\"inLanguage\":\"fr-FR\"},{\"@type\":\"Organization\",\"@id\":\"https:\\\/\\\/rotarysete-doyen.org\\\/#organization\",\"name\":\"rotarysete-doyen\",\"url\":\"https:\\\/\\\/rotarysete-doyen.org\\\/\",\"logo\":{\"@type\":\"ImageObject\",\"inLanguage\":\"fr-FR\",\"@id\":\"https:\\\/\\\/rotarysete-doyen.org\\\/#\\\/schema\\\/logo\\\/image\\\/\",\"url\":\"https:\\\/\\\/rotarysete-doyen.org\\\/wp-content\\\/uploads\\\/2023\\\/01\\\/logo-rotary-_Plan-de-travail-1-scaled.png\",\"contentUrl\":\"https:\\\/\\\/rotarysete-doyen.org\\\/wp-content\\\/uploads\\\/2023\\\/01\\\/logo-rotary-_Plan-de-travail-1-scaled.png\",\"width\":2560,\"height\":601,\"caption\":\"rotarysete-doyen\"},\"image\":{\"@id\":\"https:\\\/\\\/rotarysete-doyen.org\\\/#\\\/schema\\\/logo\\\/image\\\/\"}},{\"@type\":\"Person\",\"@id\":\"https:\\\/\\\/rotarysete-doyen.org\\\/#\\\/schema\\\/person\\\/9e72a67016192ce28bacfac9304acf1b\",\"name\":\"admin\",\"image\":{\"@type\":\"ImageObject\",\"inLanguage\":\"fr-FR\",\"@id\":\"https:\\\/\\\/secure.gravatar.com\\\/avatar\\\/0bbb5765594baaa323b58b57926b3d7976708f18854390fef40c88a59647f3b8?s=96&d=mm&r=g\",\"url\":\"https:\\\/\\\/secure.gravatar.com\\\/avatar\\\/0bbb5765594baaa323b58b57926b3d7976708f18854390fef40c88a59647f3b8?s=96&d=mm&r=g\",\"contentUrl\":\"https:\\\/\\\/secure.gravatar.com\\\/avatar\\\/0bbb5765594baaa323b58b57926b3d7976708f18854390fef40c88a59647f3b8?s=96&d=mm&r=g\",\"caption\":\"admin\"},\"sameAs\":[\"https:\\\/\\\/rotarysete-doyen.org\"],\"url\":\"https:\\\/\\\/rotarysete-doyen.org\\\/?author=1\"}]}<\/script>\n<!-- \/ Yoast SEO plugin. -->","yoast_head_json":{"title":"Espoir en t\u00eate 2025","description":"Retour en images sur l\u2019action Espoir en T\u00eate : engagement fort pour la recherche sur le cerveau. Avant-premi\u00e8re du film \"Des jours meilleurs\"","robots":{"index":"index","follow":"follow","max-snippet":"max-snippet:-1","max-image-preview":"max-image-preview:large","max-video-preview":"max-video-preview:-1"},"canonical":"https:\/\/rotarysete-doyen.org\/?p=2565","og_locale":"fr_FR","og_type":"article","og_title":"Espoir en t\u00eate 2025","og_description":"Retour en images sur l\u2019action Espoir en T\u00eate : engagement fort pour la recherche sur le cerveau. Avant-premi\u00e8re du film \"Des jours meilleurs\"","og_url":"https:\/\/rotarysete-doyen.org\/?p=2565","og_site_name":"rotarysete-doyen","article_published_time":"2025-04-28T07:42:34+00:00","article_modified_time":"2025-04-28T08:04:27+00:00","og_image":[{"width":2000,"height":1250,"url":"https:\/\/rotarysete-doyen.org\/wp-content\/uploads\/2025\/04\/vignette-NOS-ACTIONS-1.jpg","type":"image\/jpeg"}],"author":"admin","twitter_card":"summary_large_image","twitter_misc":{"\u00c9crit par":"admin","Dur\u00e9e de lecture estim\u00e9e":"2 minutes"},"schema":{"@context":"https:\/\/schema.org","@graph":[{"@type":"Article","@id":"https:\/\/rotarysete-doyen.org\/?p=2565#article","isPartOf":{"@id":"https:\/\/rotarysete-doyen.org\/?p=2565"},"author":{"name":"admin","@id":"https:\/\/rotarysete-doyen.org\/#\/schema\/person\/9e72a67016192ce28bacfac9304acf1b"},"headline":"Le Rotary S\u00e8te Doyen renouvelle son soutien \u00e0 l\u2019association France Colombia","datePublished":"2025-04-28T07:42:34+00:00","dateModified":"2025-04-28T08:04:27+00:00","mainEntityOfPage":{"@id":"https:\/\/rotarysete-doyen.org\/?p=2565"},"wordCount":284,"commentCount":0,"publisher":{"@id":"https:\/\/rotarysete-doyen.org\/#organization"},"image":{"@id":"https:\/\/rotarysete-doyen.org\/?p=2565#primaryimage"},"thumbnailUrl":"https:\/\/rotarysete-doyen.org\/wp-content\/uploads\/2025\/04\/vignette-NOS-ACTIONS-1.jpg","articleSection":["Bonne action"],"inLanguage":"fr-FR","potentialAction":[{"@type":"CommentAction","name":"Comment","target":["https:\/\/rotarysete-doyen.org\/?p=2565#respond"]}]},{"@type":"WebPage","@id":"https:\/\/rotarysete-doyen.org\/?p=2565","url":"https:\/\/rotarysete-doyen.org\/?p=2565","name":"Espoir en t\u00eate 2025","isPartOf":{"@id":"https:\/\/rotarysete-doyen.org\/#website"},"primaryImageOfPage":{"@id":"https:\/\/rotarysete-doyen.org\/?p=2565#primaryimage"},"image":{"@id":"https:\/\/rotarysete-doyen.org\/?p=2565#primaryimage"},"thumbnailUrl":"https:\/\/rotarysete-doyen.org\/wp-content\/uploads\/2025\/04\/vignette-NOS-ACTIONS-1.jpg","datePublished":"2025-04-28T07:42:34+00:00","dateModified":"2025-04-28T08:04:27+00:00","description":"Retour en images sur l\u2019action Espoir en T\u00eate : engagement fort pour la recherche sur le cerveau. Avant-premi\u00e8re du film \"Des jours meilleurs\"","breadcrumb":{"@id":"https:\/\/rotarysete-doyen.org\/?p=2565#breadcrumb"},"inLanguage":"fr-FR","potentialAction":[{"@type":"ReadAction","target":["https:\/\/rotarysete-doyen.org\/?p=2565"]}]},{"@type":"ImageObject","inLanguage":"fr-FR","@id":"https:\/\/rotarysete-doyen.org\/?p=2565#primaryimage","url":"https:\/\/rotarysete-doyen.org\/wp-content\/uploads\/2025\/04\/vignette-NOS-ACTIONS-1.jpg","contentUrl":"https:\/\/rotarysete-doyen.org\/wp-content\/uploads\/2025\/04\/vignette-NOS-ACTIONS-1.jpg","width":2000,"height":1250},{"@type":"BreadcrumbList","@id":"https:\/\/rotarysete-doyen.org\/?p=2565#breadcrumb","itemListElement":[{"@type":"ListItem","position":1,"name":"Accueil","item":"https:\/\/rotarysete-doyen.org\/"},{"@type":"ListItem","position":2,"name":"Le Rotary S\u00e8te Doyen renouvelle son soutien \u00e0 l\u2019association France Colombia"}]},{"@type":"WebSite","@id":"https:\/\/rotarysete-doyen.org\/#website","url":"https:\/\/rotarysete-doyen.org\/","name":"rotarysete-doyen","description":"","publisher":{"@id":"https:\/\/rotarysete-doyen.org\/#organization"},"potentialAction":[{"@type":"SearchAction","target":{"@type":"EntryPoint","urlTemplate":"https:\/\/rotarysete-doyen.org\/?s={search_term_string}"},"query-input":{"@type":"PropertyValueSpecification","valueRequired":true,"valueName":"search_term_string"}}],"inLanguage":"fr-FR"},{"@type":"Organization","@id":"https:\/\/rotarysete-doyen.org\/#organization","name":"rotarysete-doyen","url":"https:\/\/rotarysete-doyen.org\/","logo":{"@type":"ImageObject","inLanguage":"fr-FR","@id":"https:\/\/rotarysete-doyen.org\/#\/schema\/logo\/image\/","url":"https:\/\/rotarysete-doyen.org\/wp-content\/uploads\/2023\/01\/logo-rotary-_Plan-de-travail-1-scaled.png","contentUrl":"https:\/\/rotarysete-doyen.org\/wp-content\/uploads\/2023\/01\/logo-rotary-_Plan-de-travail-1-scaled.png","width":2560,"height":601,"caption":"rotarysete-doyen"},"image":{"@id":"https:\/\/rotarysete-doyen.org\/#\/schema\/logo\/image\/"}},{"@type":"Person","@id":"https:\/\/rotarysete-doyen.org\/#\/schema\/person\/9e72a67016192ce28bacfac9304acf1b","name":"admin","image":{"@type":"ImageObject","inLanguage":"fr-FR","@id":"https:\/\/secure.gravatar.com\/avatar\/0bbb5765594baaa323b58b57926b3d7976708f18854390fef40c88a59647f3b8?s=96&d=mm&r=g","url":"https:\/\/secure.gravatar.com\/avatar\/0bbb5765594baaa323b58b57926b3d7976708f18854390fef40c88a59647f3b8?s=96&d=mm&r=g","contentUrl":"https:\/\/secure.gravatar.com\/avatar\/0bbb5765594baaa323b58b57926b3d7976708f18854390fef40c88a59647f3b8?s=96&d=mm&r=g","caption":"admin"},"sameAs":["https:\/\/rotarysete-doyen.org"],"url":"https:\/\/rotarysete-doyen.org\/?author=1"}]}},"_links":{"self":[{"href":"https:\/\/rotarysete-doyen.org\/index.php?rest_route=\/wp\/v2\/posts\/2565","targetHints":{"allow":["GET"]}}],"collection":[{"href":"https:\/\/rotarysete-doyen.org\/index.php?rest_route=\/wp\/v2\/posts"}],"about":[{"href":"https:\/\/rotarysete-doyen.org\/index.php?rest_route=\/wp\/v2\/types\/post"}],"author":[{"embeddable":true,"href":"https:\/\/rotarysete-doyen.org\/index.php?rest_route=\/wp\/v2\/users\/1"}],"replies":[{"embeddable":true,"href":"https:\/\/rotarysete-doyen.org\/index.php?rest_route=%2Fwp%2Fv2%2Fcomments&post=2565"}],"version-history":[{"count":4,"href":"https:\/\/rotarysete-doyen.org\/index.php?rest_route=\/wp\/v2\/posts\/2565\/revisions"}],"predecessor-version":[{"id":2573,"href":"https:\/\/rotarysete-doyen.org\/index.php?rest_route=\/wp\/v2\/posts\/2565\/revisions\/2573"}],"wp:featuredmedia":[{"embeddable":true,"href":"https:\/\/rotarysete-doyen.org\/index.php?rest_route=\/wp\/v2\/media\/2568"}],"wp:attachment":[{"href":"https:\/\/rotarysete-doyen.org\/index.php?rest_route=%2Fwp%2Fv2%2Fmedia&parent=2565"}],"wp:term":[{"taxonomy":"category","embeddable":true,"href":"https:\/\/rotarysete-doyen.org\/index.php?rest_route=%2Fwp%2Fv2%2Fcategories&post=2565"},{"taxonomy":"post_tag","embeddable":true,"href":"https:\/\/rotarysete-doyen.org\/index.php?rest_route=%2Fwp%2Fv2%2Ftags&post=2565"}],"curies":[{"name":"wp","href":"https:\/\/api.w.org\/{rel}","templated":true}]}}